{"id":46996,"date":"2025-08-05T18:36:00","date_gmt":"2025-08-05T15:36:00","guid":{"rendered":"https:\/\/www.egemtv.com\/?p=46996"},"modified":"2025-08-05T18:36:01","modified_gmt":"2025-08-05T15:36:01","slug":"usakta-ormanlik-alana-sicrayan-yangin-sonduruldu","status":"publish","type":"post","link":"https:\/\/www.egemtv.com\/?p=46996","title":{"rendered":"U\u015fak\u2019ta ormanl\u0131k alana s\u0131\u00e7rayan yang\u0131n s\u00f6nd\u00fcr\u00fcld\u00fc"},"content":{"rendered":"<p>U\u015fak\u2019\u0131n Banaz il\u00e7esinde an\u0131zdan ba\u015flay\u0131p, ormanl\u0131k alana s\u0131\u00e7rayan yang\u0131n ekiplerin m\u00fcdahalesi sonucu s\u00f6nd\u00fcr\u00fcld\u00fc.<br \/>\n<br \/>Yang\u0131n, U\u015fak\u2019\u0131n Banaz il\u00e7esine ba\u011fl\u0131 Banaz k\u00f6y\u00fc yak\u0131nlar\u0131nda hen\u00fcz bilinmeyen nedenle an\u0131zdan ba\u015flad\u0131. H\u0131zla b\u00fcy\u00fcyen yang\u0131n, ormanl\u0131k alana s\u0131\u00e7rad\u0131.<br \/>\n<br \/>\u00c7evredeki vatanda\u015flar\u0131n durumu 112 Acil \u00c7a\u011fr\u0131 Merkezi\u2019ne bildirmesi \u00fczerine b\u00f6lgeye 9 araz\u00f6z, 3 su tankeri, 1 i\u015f makinesi, itfaiye ekipleri ve 1 helikopter sevk edildi. Ekiplerin h\u0131zl\u0131 m\u00fcdahalesi sonucu yang\u0131n daha fazla b\u00fcy\u00fcmeden s\u00f6nd\u00fcr\u00fcld\u00fc.<br \/>\n<br \/>Kaymakam Eme\u00e7 b\u00f6lgede incelemelerde bulundu<br \/>\n<br \/>Banaz Kaymakam\u0131 Cuma Eme\u00e7, yang\u0131n b\u00f6lgesine gelerek \u0130l Jandarma Komutan Yard\u0131mc\u0131s\u0131 Albay Erg\u00fcn Y\u0131lmaz\u2019dan bilgi ald\u0131.<br \/>\n<br \/>\u00d6te yandan, yang\u0131nda zarar g\u00f6ren alanlar dron ile havadan g\u00f6r\u00fcnt\u00fclendi.<br \/><\/p>\n","protected":false},"excerpt":{"rendered":"<p>U\u015fak\u2019\u0131n Banaz il\u00e7esinde an\u0131zdan ba\u015flay\u0131p, ormanl\u0131k alana s\u0131\u00e7rayan yang\u0131n ekiplerin m\u00fcdahalesi sonucu s\u00f6nd\u00fcr\u00fcld\u00fc. Yang\u0131n, U\u015fak\u2019\u0131n Banaz il\u00e7esine ba\u011fl\u0131 Banaz k\u00f6y\u00fc yak\u0131nlar\u0131nda hen\u00fcz bilinmeyen nedenle an\u0131zdan ba\u015flad\u0131. H\u0131zla b\u00fcy\u00fcyen yang\u0131n, ormanl\u0131k alana s\u0131\u00e7rad\u0131. \u00c7evredeki vatanda\u015flar\u0131n durumu 112 Acil \u00c7a\u011fr\u0131 Merkezi\u2019ne bildirmesi \u00fczerine b\u00f6lgeye 9 araz\u00f6z, 3 su tankeri, 1 i\u015f makinesi, itfaiye ekipleri ve 1 helikopter&#8230;<\/p>\n","protected":false},"author":1,"featured_media":46997,"comment_status":"open","ping_status":"open","sticky":false,"template":"","format":"standard","meta":{"_crdt_document":"","footnotes":""},"categories":[5],"tags":[],"class_list":["post-46996","post","type-post","status-publish","format-standard","has-post-thumbnail","hentry","category-asayis"],"_links":{"self":[{"href":"https:\/\/www.egemtv.com\/index.php?rest_route=\/wp\/v2\/posts\/46996","targetHints":{"allow":["GET"]}}],"collection":[{"href":"https:\/\/www.egemtv.com\/index.php?rest_route=\/wp\/v2\/posts"}],"about":[{"href":"https:\/\/www.egemtv.com\/index.php?rest_route=\/wp\/v2\/types\/post"}],"author":[{"embeddable":true,"href":"https:\/\/www.egemtv.com\/index.php?rest_route=\/wp\/v2\/users\/1"}],"replies":[{"embeddable":true,"href":"https:\/\/www.egemtv.com\/index.php?rest_route=%2Fwp%2Fv2%2Fcomments&post=46996"}],"version-history":[{"count":1,"href":"https:\/\/www.egemtv.com\/index.php?rest_route=\/wp\/v2\/posts\/46996\/revisions"}],"predecessor-version":[{"id":46998,"href":"https:\/\/www.egemtv.com\/index.php?rest_route=\/wp\/v2\/posts\/46996\/revisions\/46998"}],"wp:featuredmedia":[{"embeddable":true,"href":"https:\/\/www.egemtv.com\/index.php?rest_route=\/wp\/v2\/media\/46997"}],"wp:attachment":[{"href":"https:\/\/www.egemtv.com\/index.php?rest_route=%2Fwp%2Fv2%2Fmedia&parent=46996"}],"wp:term":[{"taxonomy":"category","embeddable":true,"href":"https:\/\/www.egemtv.com\/index.php?rest_route=%2Fwp%2Fv2%2Fcategories&post=46996"},{"taxonomy":"post_tag","embeddable":true,"href":"https:\/\/www.egemtv.com\/index.php?rest_route=%2Fwp%2Fv2%2Ftags&post=46996"}],"curies":[{"name":"wp","href":"https:\/\/api.w.org\/{rel}","templated":true}]}}