{"id":46993,"date":"2025-08-05T18:35:59","date_gmt":"2025-08-05T15:35:59","guid":{"rendered":"https:\/\/www.egemtv.com\/?p=46993"},"modified":"2025-08-05T18:36:00","modified_gmt":"2025-08-05T15:36:00","slug":"aselsandan-demirci-belediyesine-2-adet-oed-cihazi-hibe-edildi","status":"publish","type":"post","link":"https:\/\/www.egemtv.com\/?p=46993","title":{"rendered":"ASELSAN\u2019dan Demirci Belediyesi\u2019ne 2 adet OED cihaz\u0131 hibe edildi."},"content":{"rendered":"<p>Manisa\u2019n\u0131n Demirci il\u00e7esinde belediye b\u00fcnyesine ASELSAN taraf\u0131ndan OED cihaz\u0131 kazand\u0131r\u0131ld\u0131.<br \/>\n<br \/>Demirci Devlet Hastanesi Sa\u011fl\u0131k Memurlar\u0131 Samim Tav\u015fan, Sabri \u015eim\u015fek ve Demirci Belediyesi i\u015fbirli\u011fi ile haz\u0131rlanan &#8221; Alt\u0131n Dakikalar &#8221; projesi ASELSAN\u2019a sunuldu.<br \/>\n<br \/>Yakla\u015f\u0131k bir ay s\u00fcren \u00e7al\u0131\u015fmalar sonucunda onaylanan proje kapsam\u0131nda Demirci Belediyesi\u2019ne ASELSAN taraf\u0131ndan ani kalp durmalar\u0131nda hastaya elektro\u015fokla m\u00fcdahale edilerek hayata d\u00f6nd\u00fcr\u00fclmesini sa\u011flayan 2 otomatik eksternal defibrilat\u00f6r (OED) cihaz\u0131 hibe edildi.<br \/>\n<br \/>Belediye Ba\u015fkan\u0131 Erkan Kara da projeyi ba\u015far\u0131yla ger\u00e7ekle\u015ftiren sa\u011fl\u0131k memurlar\u0131 Samim Tav\u015fan ve Sabri \u015eim\u015fek\u2019i makam\u0131nda misafir ederek ger\u00e7ekle\u015ftirdikleri \u00e7al\u0131\u015fmadan dolay\u0131 te\u015fekk\u00fcr etti.<br \/>\n<br \/>Belediye Ba\u015fkan\u0131 Erkan Kara yapt\u0131\u011f\u0131 a\u00e7\u0131klamada, &#8220;G\u00fcn\u00fcm\u00fcz art\u0131k sa\u011fl\u0131k alan\u0131nda geli\u015fime dayal\u0131, yenilik\u00e7i \u00e7al\u0131\u015fmalar yapmay\u0131 gerektirmektedir. Sa\u011fl\u0131k Memurlar\u0131 Samim Tav\u015fan ve Sabri \u015eim\u015fek bizleri ziyaret ederek projelerini anlatt\u0131lar. Arkada\u015flar\u0131m\u0131z\u0131n h\u0131zla ASELSAN ile ileti\u015fime ge\u00e7melerini sa\u011flad\u0131k. ASELSAN taraf\u0131ndan uygun g\u00f6r\u00fclen proje sayesinde belediyemize 2 adet OED cihaz\u0131 hibe olarak kazand\u0131r\u0131ld\u0131. Belediyemiz b\u00fcnyesinde kullan\u0131lacak olan OED cihaz\u0131 ve hastaya ilk m\u00fcdahale i\u00e7in \u0130l Sa\u011fl\u0131k M\u00fcd\u00fcrl\u00fc\u011f\u00fc taraf\u0131ndan \u0130lk Yard\u0131m e\u011fitimi verilecek. Belediyemiz personelleri OED cihaz\u0131n\u0131n kullan\u0131m\u0131 ve hastaya ilk yard\u0131m \u00fczerine e\u011fitim alacaklar &#8220;dedi.<br \/>\n<br \/>Ba\u015fkan Erkan Kara, &#8220;OED cihaz\u0131 il\u00e7emizde kalabal\u0131k, sosyal organizasyonlar ve pazaryeri gibi alanlarda olu\u015fabilecek ani kalp durmalar\u0131nda hastaya ilk m\u00fcdahale i\u00e7in belediyemiz personelleri taraf\u0131ndan aktif olarak kullan\u0131lacak. \u0130l\u00e7emize hay\u0131rl\u0131 olmas\u0131n\u0131 temenni ediyorum.&#8221; dedi.<br \/><\/p>\n","protected":false},"excerpt":{"rendered":"<p>Manisa\u2019n\u0131n Demirci il\u00e7esinde belediye b\u00fcnyesine ASELSAN taraf\u0131ndan OED cihaz\u0131 kazand\u0131r\u0131ld\u0131. Demirci Devlet Hastanesi Sa\u011fl\u0131k Memurlar\u0131 Samim Tav\u015fan, Sabri \u015eim\u015fek ve Demirci Belediyesi i\u015fbirli\u011fi ile haz\u0131rlanan &#8221; Alt\u0131n Dakikalar &#8221; projesi ASELSAN\u2019a sunuldu. Yakla\u015f\u0131k bir ay s\u00fcren \u00e7al\u0131\u015fmalar sonucunda onaylanan proje kapsam\u0131nda Demirci Belediyesi\u2019ne ASELSAN taraf\u0131ndan ani kalp durmalar\u0131nda hastaya elektro\u015fokla m\u00fcdahale edilerek hayata d\u00f6nd\u00fcr\u00fclmesini sa\u011flayan&#8230;<\/p>\n","protected":false},"author":1,"featured_media":46994,"comment_status":"open","ping_status":"open","sticky":false,"template":"","format":"standard","meta":{"_crdt_document":"","footnotes":""},"categories":[2],"tags":[],"class_list":["post-46993","post","type-post","status-publish","format-standard","has-post-thumbnail","hentry","category-saglik"],"_links":{"self":[{"href":"https:\/\/www.egemtv.com\/index.php?rest_route=\/wp\/v2\/posts\/46993","targetHints":{"allow":["GET"]}}],"collection":[{"href":"https:\/\/www.egemtv.com\/index.php?rest_route=\/wp\/v2\/posts"}],"about":[{"href":"https:\/\/www.egemtv.com\/index.php?rest_route=\/wp\/v2\/types\/post"}],"author":[{"embeddable":true,"href":"https:\/\/www.egemtv.com\/index.php?rest_route=\/wp\/v2\/users\/1"}],"replies":[{"embeddable":true,"href":"https:\/\/www.egemtv.com\/index.php?rest_route=%2Fwp%2Fv2%2Fcomments&post=46993"}],"version-history":[{"count":1,"href":"https:\/\/www.egemtv.com\/index.php?rest_route=\/wp\/v2\/posts\/46993\/revisions"}],"predecessor-version":[{"id":46995,"href":"https:\/\/www.egemtv.com\/index.php?rest_route=\/wp\/v2\/posts\/46993\/revisions\/46995"}],"wp:featuredmedia":[{"embeddable":true,"href":"https:\/\/www.egemtv.com\/index.php?rest_route=\/wp\/v2\/media\/46994"}],"wp:attachment":[{"href":"https:\/\/www.egemtv.com\/index.php?rest_route=%2Fwp%2Fv2%2Fmedia&parent=46993"}],"wp:term":[{"taxonomy":"category","embeddable":true,"href":"https:\/\/www.egemtv.com\/index.php?rest_route=%2Fwp%2Fv2%2Fcategories&post=46993"},{"taxonomy":"post_tag","embeddable":true,"href":"https:\/\/www.egemtv.com\/index.php?rest_route=%2Fwp%2Fv2%2Ftags&post=46993"}],"curies":[{"name":"wp","href":"https:\/\/api.w.org\/{rel}","templated":true}]}}