{"id":46990,"date":"2025-08-05T18:14:57","date_gmt":"2025-08-05T15:14:57","guid":{"rendered":"https:\/\/www.egemtv.com\/?p=46990"},"modified":"2025-08-05T18:14:58","modified_gmt":"2025-08-05T15:14:58","slug":"bodrum-ve-marmariste-teknelerde-yaralanan-iki-kisiye-tibbi-tahliye","status":"publish","type":"post","link":"https:\/\/www.egemtv.com\/?p=46990","title":{"rendered":"Bodrum ve Marmaris\u2019te teknelerde yaralanan iki ki\u015fiye t\u0131bbi tahliye"},"content":{"rendered":"<p>Mu\u011fla\u2019n\u0131n Marmaris ve Bodrum il\u00e7esi a\u00e7\u0131klar\u0131nda seyreden iki \u00f6zel teknede yaralanan ve rahats\u0131zlanan iki vatanda\u015f Sahil G\u00fcvenlik ekipleri taraf\u0131ndan t\u0131bbi tahliyeleri ger\u00e7ekle\u015ftirildi.<br \/>\n<br \/>Marmaris il\u00e7esi a\u00e7\u0131klar\u0131nda seyreden \u00f6zel teknedeki vatanda\u015f yaraland\u0131. Bodrum il\u00e7esi a\u00e7\u0131klar\u0131nda seyreden teknedeki vatanda\u015f ise rahats\u0131zland\u0131. \u0130ki vatanda\u015f i\u00e7en yap\u0131lan yard\u0131m \u00e7a\u011fr\u0131s\u0131 sonras\u0131 b\u00f6lgelerde bulunan Sahil G\u00fcvenlik botlar\u0131na al\u0131nan vatanda\u015flar k\u0131y\u0131da bekleyen 112 ambulans ekiplerine teslim edildi.<br \/><\/p>\n","protected":false},"excerpt":{"rendered":"<p>Mu\u011fla\u2019n\u0131n Marmaris ve Bodrum il\u00e7esi a\u00e7\u0131klar\u0131nda seyreden iki \u00f6zel teknede yaralanan ve rahats\u0131zlanan iki vatanda\u015f Sahil G\u00fcvenlik ekipleri taraf\u0131ndan t\u0131bbi tahliyeleri ger\u00e7ekle\u015ftirildi. Marmaris il\u00e7esi a\u00e7\u0131klar\u0131nda seyreden \u00f6zel teknedeki vatanda\u015f yaraland\u0131. Bodrum il\u00e7esi a\u00e7\u0131klar\u0131nda seyreden teknedeki vatanda\u015f ise rahats\u0131zland\u0131. \u0130ki vatanda\u015f i\u00e7en yap\u0131lan yard\u0131m \u00e7a\u011fr\u0131s\u0131 sonras\u0131 b\u00f6lgelerde bulunan Sahil G\u00fcvenlik botlar\u0131na al\u0131nan vatanda\u015flar k\u0131y\u0131da bekleyen 112&#8230;<\/p>\n","protected":false},"author":1,"featured_media":46991,"comment_status":"open","ping_status":"open","sticky":false,"template":"","format":"standard","meta":{"_crdt_document":"","footnotes":""},"categories":[2],"tags":[],"class_list":["post-46990","post","type-post","status-publish","format-standard","has-post-thumbnail","hentry","category-saglik"],"_links":{"self":[{"href":"https:\/\/www.egemtv.com\/index.php?rest_route=\/wp\/v2\/posts\/46990","targetHints":{"allow":["GET"]}}],"collection":[{"href":"https:\/\/www.egemtv.com\/index.php?rest_route=\/wp\/v2\/posts"}],"about":[{"href":"https:\/\/www.egemtv.com\/index.php?rest_route=\/wp\/v2\/types\/post"}],"author":[{"embeddable":true,"href":"https:\/\/www.egemtv.com\/index.php?rest_route=\/wp\/v2\/users\/1"}],"replies":[{"embeddable":true,"href":"https:\/\/www.egemtv.com\/index.php?rest_route=%2Fwp%2Fv2%2Fcomments&post=46990"}],"version-history":[{"count":1,"href":"https:\/\/www.egemtv.com\/index.php?rest_route=\/wp\/v2\/posts\/46990\/revisions"}],"predecessor-version":[{"id":46992,"href":"https:\/\/www.egemtv.com\/index.php?rest_route=\/wp\/v2\/posts\/46990\/revisions\/46992"}],"wp:featuredmedia":[{"embeddable":true,"href":"https:\/\/www.egemtv.com\/index.php?rest_route=\/wp\/v2\/media\/46991"}],"wp:attachment":[{"href":"https:\/\/www.egemtv.com\/index.php?rest_route=%2Fwp%2Fv2%2Fmedia&parent=46990"}],"wp:term":[{"taxonomy":"category","embeddable":true,"href":"https:\/\/www.egemtv.com\/index.php?rest_route=%2Fwp%2Fv2%2Fcategories&post=46990"},{"taxonomy":"post_tag","embeddable":true,"href":"https:\/\/www.egemtv.com\/index.php?rest_route=%2Fwp%2Fv2%2Ftags&post=46990"}],"curies":[{"name":"wp","href":"https:\/\/api.w.org\/{rel}","templated":true}]}}