{"id":46987,"date":"2025-08-05T17:54:55","date_gmt":"2025-08-05T14:54:55","guid":{"rendered":"https:\/\/www.egemtv.com\/?p=46987"},"modified":"2025-08-05T17:54:56","modified_gmt":"2025-08-05T14:54:56","slug":"baskan-kunkcuye-kocarlidan-tam-destek-daima-yanindayiz","status":"publish","type":"post","link":"https:\/\/www.egemtv.com\/?p=46987","title":{"rendered":"Ba\u015fkan K\u00fcnkc\u00fc\u2019ye Ko\u00e7arl\u0131\u2019dan tam destek: &#8220;Daima yan\u0131nday\u0131z&#8221;"},"content":{"rendered":"<p>Ayd\u0131n Esnaf ve Sanatk\u00e2rlar Odalar\u0131 Birli\u011fi (AYESOB) Ba\u015fkan\u0131 Muhammet Ali K\u00fcnkc\u00fc, il\u00e7e ziyaretleri kapsam\u0131nda Ko\u00e7arl\u0131\u2019da bir dizi ziyaret ve a\u00e7\u0131l\u0131\u015f program\u0131na kat\u0131ld\u0131. \u0130l\u00e7edeki esnaf ve oda ba\u015fkanlar\u0131yla bir araya gelen Ba\u015fkan K\u00fcnkc\u00fc\u2019ye, &#8220;Daima yan\u0131nday\u0131z&#8221; mesaj\u0131 verildi.<br \/>\n<br \/>Ba\u015fkan K\u00fcnkc\u00fc\u2019n\u00fcn Ko\u00e7arl\u0131 program\u0131ndaki ilk dura\u011f\u0131, Sanayi Sitesi\u2019nde Tacettin K\u00fc\u00e7\u00fcko\u011flu taraf\u0131ndan hizmete a\u00e7\u0131lan K\u00fc\u00e7\u00fckler Otomotiv oldu. A\u00e7\u0131l\u0131\u015f kurdelesini protokol \u00fcyeleriyle birlikte kesen Ba\u015fkan K\u00fcnkc\u00fc, i\u015fletme sahibi Tacettin K\u00fc\u00e7\u00fcko\u011flu\u2019na hay\u0131rl\u0131 olsun temennisinde bulundu. K\u00fcnkc\u00fc, &#8220;\u00dcreten, istihdam sa\u011flayan ve il\u00e7emize de\u011fer katan her giri\u015fim bizim i\u00e7in k\u0131ymetlidir. Esnaf\u0131m\u0131z\u0131n her zaman yan\u0131nday\u0131z, yol arkada\u015flar\u0131y\u0131z&#8221; dedi.<br \/>\n<br \/>Ko\u00e7arl\u0131 program\u0131 kapsam\u0131nda Belediye Ba\u015fkan\u0131 \u00d6zg\u00fcr Ar\u0131c\u0131 da makam\u0131nda ziyaret edildi. Ziyarete, AYESOB Ba\u015fkan Vekili Salih Kozal\u0131, Ko\u00e7arl\u0131 Esnaf Odas\u0131 Ba\u015fkan\u0131 H\u00fcseyin Yaman ve \u015eof\u00f6rler Odas\u0131 Ba\u015fkan\u0131 Ali K\u00f6se de kat\u0131ld\u0131. G\u00f6r\u00fc\u015fmede, il\u00e7edeki esnaf\u0131n sorunlar\u0131 ve \u00e7\u00f6z\u00fcm \u00f6nerileri masaya yat\u0131r\u0131ld\u0131. Ba\u015fkan Ar\u0131c\u0131, ziyaretten duydu\u011fu memnuniyeti dile getirerek, &#8220;Ba\u015fkan\u0131m\u0131z\u0131n deste\u011fi bizim i\u00e7in \u00e7ok k\u0131ymetli. Ko\u00e7arl\u0131\u2019da esnafla birlikte b\u00fcy\u00fcyoruz&#8221; ifadelerini kulland\u0131.<br \/>\n<br \/>Ko\u00e7arl\u0131\u2019daki temaslar\u0131na Ko\u00e7arl\u0131 Esnaf ve Sanatk\u00e2rlar Odas\u0131 ile \u015eof\u00f6rler ve Otomobilciler Odas\u0131\u2019n\u0131 ziyaret ederek devam eden Ba\u015fkan K\u00fcnkc\u00fc, oda ba\u015fkanlar\u0131n\u0131n sahadaki \u00e7al\u0131\u015fmalar\u0131n\u0131 takdir etti. Yeni hizmet binas\u0131nda oda ba\u015fkan\u0131 H\u00fcseyin Yaman ile g\u00f6r\u00fc\u015fen K\u00fcnkc\u00fc, esnafa yak\u0131\u015f\u0131r bir ortam olu\u015fturulmas\u0131ndan dolay\u0131 te\u015fekk\u00fcr etti. Ard\u0131ndan Ba\u015fkan Ali K\u00f6se ile \u015fof\u00f6r esnaf\u0131n\u0131n taleplerini birebir dinleyerek not ald\u0131.<br \/>\n<br \/>Ko\u00e7arl\u0131 Esnaf Odas\u0131 Ba\u015fkan\u0131 H\u00fcseyin Yaman, &#8220;Ba\u015fkan\u0131m\u0131z\u0131n her il\u00e7eye dokunmas\u0131, sahada olmas\u0131 bizler i\u00e7in \u00e7ok k\u0131ymetli. Odam\u0131zda yapt\u0131\u011f\u0131 ziyaret ve verdi\u011fi destek mesaj\u0131 bizleri motive etti. Bu birliktelik, esnaf\u0131m\u0131za g\u00fc\u00e7 veriyor. Muhammet ba\u015fkan\u0131n yan\u0131nda durmaya devam edece\u011fiz&#8221; dedi.<br \/>\n<br \/>Ko\u00e7arl\u0131 \u015eof\u00f6rler ve Otomobilciler Odas\u0131 Ba\u015fkan\u0131 Ali K\u00f6se ise &#8220;Ba\u015fkan\u0131m\u0131z\u0131n duru\u015fu, kararl\u0131l\u0131\u011f\u0131 ve \u00e7\u00f6z\u00fcm odakl\u0131 yakla\u015f\u0131m\u0131 her zaman yolumuzu ayd\u0131nlat\u0131yor. Kendisini yaln\u0131z b\u0131rakmam\u0131z s\u00f6z konusu olamaz. Daima yan\u0131nday\u0131z&#8221; diyerek deste\u011fini net \u015fekilde ifade etti.<br \/>\n<br \/>AYESOB Ba\u015fkan Vekili Salih Kozal\u0131 da a\u00e7\u0131klamas\u0131nda, &#8220;Ba\u015fkan\u0131m\u0131zla uyum i\u00e7erisinde \u00e7al\u0131\u015fmaktan gurur duyuyorum. \u0130l\u00e7elerdeki her ad\u0131ma birlikte karar veriyor, ortak ak\u0131lla hareket ediyoruz. Esnaf\u0131m\u0131z\u0131n sesi olan bir lidere sahip oldu\u011fumuz i\u00e7in \u00e7ok \u015fansl\u0131y\u0131z&#8221; ifadelerine yer verdi.<br \/>\n<br \/>Ko\u00e7arl\u0131 ziyaretinin sonunda konu\u015fan AYESOB Ba\u015fkan\u0131 Muhammet Ali K\u00fcnkc\u00fc, kendisine verilen destek mesajlar\u0131ndan dolay\u0131 oda ba\u015fkanlar\u0131na te\u015fekk\u00fcr ederek, &#8220;Her ad\u0131m\u0131m\u0131zda bu birlikteli\u011fi g\u00f6rmek bize g\u00fc\u00e7 veriyor. Ayd\u0131n\u2019\u0131n d\u00f6rt bir yan\u0131ndaki oda ba\u015fkanlar\u0131m\u0131zla omuz omuza, esnaf\u0131m\u0131z i\u00e7in durmaks\u0131z\u0131n \u00e7al\u0131\u015fmaya devam edece\u011fiz. Bu birliktelik, Ayd\u0131n esnaf\u0131n\u0131n g\u00fcc\u00fcd\u00fcr&#8221; dedi.<br \/><\/p>\n","protected":false},"excerpt":{"rendered":"<p>Ayd\u0131n Esnaf ve Sanatk\u00e2rlar Odalar\u0131 Birli\u011fi (AYESOB) Ba\u015fkan\u0131 Muhammet Ali K\u00fcnkc\u00fc, il\u00e7e ziyaretleri kapsam\u0131nda Ko\u00e7arl\u0131\u2019da bir dizi ziyaret ve a\u00e7\u0131l\u0131\u015f program\u0131na kat\u0131ld\u0131. \u0130l\u00e7edeki esnaf ve oda ba\u015fkanlar\u0131yla bir araya gelen Ba\u015fkan K\u00fcnkc\u00fc\u2019ye, &#8220;Daima yan\u0131nday\u0131z&#8221; mesaj\u0131 verildi. Ba\u015fkan K\u00fcnkc\u00fc\u2019n\u00fcn Ko\u00e7arl\u0131 program\u0131ndaki ilk dura\u011f\u0131, Sanayi Sitesi\u2019nde Tacettin K\u00fc\u00e7\u00fcko\u011flu taraf\u0131ndan hizmete a\u00e7\u0131lan K\u00fc\u00e7\u00fckler Otomotiv oldu. A\u00e7\u0131l\u0131\u015f kurdelesini protokol&#8230;<\/p>\n","protected":false},"author":1,"featured_media":46988,"comment_status":"open","ping_status":"open","sticky":false,"template":"","format":"standard","meta":{"_crdt_document":"","footnotes":""},"categories":[1],"tags":[],"class_list":["post-46987","post","type-post","status-publish","format-standard","has-post-thumbnail","hentry","category-guncel"],"_links":{"self":[{"href":"https:\/\/www.egemtv.com\/index.php?rest_route=\/wp\/v2\/posts\/46987","targetHints":{"allow":["GET"]}}],"collection":[{"href":"https:\/\/www.egemtv.com\/index.php?rest_route=\/wp\/v2\/posts"}],"about":[{"href":"https:\/\/www.egemtv.com\/index.php?rest_route=\/wp\/v2\/types\/post"}],"author":[{"embeddable":true,"href":"https:\/\/www.egemtv.com\/index.php?rest_route=\/wp\/v2\/users\/1"}],"replies":[{"embeddable":true,"href":"https:\/\/www.egemtv.com\/index.php?rest_route=%2Fwp%2Fv2%2Fcomments&post=46987"}],"version-history":[{"count":1,"href":"https:\/\/www.egemtv.com\/index.php?rest_route=\/wp\/v2\/posts\/46987\/revisions"}],"predecessor-version":[{"id":46989,"href":"https:\/\/www.egemtv.com\/index.php?rest_route=\/wp\/v2\/posts\/46987\/revisions\/46989"}],"wp:featuredmedia":[{"embeddable":true,"href":"https:\/\/www.egemtv.com\/index.php?rest_route=\/wp\/v2\/media\/46988"}],"wp:attachment":[{"href":"https:\/\/www.egemtv.com\/index.php?rest_route=%2Fwp%2Fv2%2Fmedia&parent=46987"}],"wp:term":[{"taxonomy":"category","embeddable":true,"href":"https:\/\/www.egemtv.com\/index.php?rest_route=%2Fwp%2Fv2%2Fcategories&post=46987"},{"taxonomy":"post_tag","embeddable":true,"href":"https:\/\/www.egemtv.com\/index.php?rest_route=%2Fwp%2Fv2%2Ftags&post=46987"}],"curies":[{"name":"wp","href":"https:\/\/api.w.org\/{rel}","templated":true}]}}