{"id":46984,"date":"2025-08-05T17:34:55","date_gmt":"2025-08-05T14:34:55","guid":{"rendered":"https:\/\/www.egemtv.com\/?p=46984"},"modified":"2025-08-05T17:34:56","modified_gmt":"2025-08-05T14:34:56","slug":"dunyanin-ilk-kehanet-merkezi-apollon-tapinagi-ziyarete-acildi","status":"publish","type":"post","link":"https:\/\/www.egemtv.com\/?p=46984","title":{"rendered":"D\u00fcnyan\u0131n ilk kehanet merkezi Apollon Tap\u0131na\u011f\u0131, ziyarete a\u00e7\u0131ld\u0131"},"content":{"rendered":"<p>Ge\u00e7mi\u015finde bir\u00e7ok medeniyete ev sahipli\u011fi yapan Ayd\u0131n\u2019\u0131n Didim il\u00e7esinde bulunan ve d\u00fcnyan\u0131n ilk kehanet merkezi olarak bilinen Apollon Tap\u0131na\u011f\u0131, 2 bin 600 y\u0131ld\u0131r ayakta dururken, yap\u0131lan g\u00fc\u00e7lendirme \u00e7al\u0131\u015fmalar\u0131n\u0131n ard\u0131ndan ziyarete a\u00e7\u0131ld\u0131.<\/p>\n<p>23 antik kent ve \u00f6ren yeri ile \u00fclkenin en zengin arkeolojik de\u011fere sahip illerinden olan Ayd\u0131n\u2019da y\u00fczey ara\u015ft\u0131rmalar\u0131 ve kaz\u0131 \u00e7al\u0131\u015fmalar\u0131 aral\u0131ks\u0131z devam ediyor. Ayd\u0131n\u2019\u0131n tarihinin g\u00fcn y\u00fcz\u00fcne \u00e7\u0131kar\u0131lmas\u0131 i\u00e7in y\u00fcr\u00fct\u00fclen arkeolojik kaz\u0131 \u00e7al\u0131\u015fmalar\u0131nda arkeologlar da titiz \u00e7al\u0131\u015fmalar\u0131 ile her ge\u00e7en g\u00fcn \u00f6nemli ke\u015fiflere imza atmaya devam ederken 2 bin 600 y\u0131ld\u0131r ayakta duran Apollon Tap\u0131na\u011f\u0131 ise hem hikayesi hem de g\u00f6rkemli yap\u0131s\u0131 ile ziyaret\u00e7ilerini selaml\u0131yor. G\u00fcn\u00fcm\u00fcze kadar korunarak gelen Apollon Tap\u0131na\u011f\u0131\u2019nda ise ger\u00e7ekle\u015ftirilen \u00e7evre d\u00fczenleme ve g\u00fc\u00e7lendirme \u00e7al\u0131\u015fmalar\u0131 tamamland\u0131.<\/p>\n<p>Efes\u2019teki Artemis Tap\u0131na\u011f\u0131 ve Sisam Adas\u0131\u2019ndaki Heraion Tap\u0131na\u011f\u0131\u2019ndan sonra d\u00fcnyan\u0131n en b\u00fcy\u00fck \u00fc\u00e7\u00fcnc\u00fc tap\u0131na\u011f\u0131 olma \u00f6zelli\u011fine de sahip olan Apollon Tap\u0131na\u011f\u0131, antik bir kehanet merkezi olarak da biliniyor. Milattan \u00d6nce (M.\u00d6.) 8. y\u00fczy\u0131lda \u0130yonyal\u0131lar taraf\u0131ndan in\u015fa edilen tap\u0131na\u011f\u0131n, Yunan mitolojisindeki Tanr\u0131 Kral Zeus\u2019un o\u011flu Apollon\u2019a adand\u0131\u011f\u0131 d\u00fc\u015f\u00fcn\u00fcl\u00fcrken, tarihi tap\u0131nak ger\u00e7ekle\u015ftirilen test a\u00e7\u0131l\u0131\u015f\u0131n\u0131n ard\u0131ndan ziyaret\u00e7ilerini kabul etmeye ba\u015flad\u0131.<\/p>\n<p>Tap\u0131na\u011f\u0131n ziyarete a\u00e7\u0131lmas\u0131n\u0131n ard\u0131ndan Ayd\u0131n \u0130l K\u00fclt\u00fcr ve Turizm M\u00fcd\u00fcrl\u00fc\u011f\u00fc taraf\u0131ndan b\u00f6lgede incelemeler ger\u00e7ekle\u015ftirilirken, konu ile ilgili yap\u0131lan a\u00e7\u0131klamada &#8220;Didim Apollon Tap\u0131na\u011f\u0131 \u00e7evre d\u00fczenleme ve in\u015faat \u00e7al\u0131\u015fmalar\u0131 incelenerek, 5 A\u011fustos 2025 Sal\u0131 g\u00fcn\u00fc alanda test a\u00e7\u0131l\u0131\u015f\u0131 ger\u00e7ekle\u015ftirilmi\u015f ve ziyaret\u00e7i al\u0131m\u0131na ba\u015flanm\u0131\u015ft\u0131r&#8221; ifadeleri yer ald\u0131.<br \/><\/p>\n","protected":false},"excerpt":{"rendered":"<p>Ge\u00e7mi\u015finde bir\u00e7ok medeniyete ev sahipli\u011fi yapan Ayd\u0131n\u2019\u0131n Didim il\u00e7esinde bulunan ve d\u00fcnyan\u0131n ilk kehanet merkezi olarak bilinen Apollon Tap\u0131na\u011f\u0131, 2 bin 600 y\u0131ld\u0131r ayakta dururken, yap\u0131lan g\u00fc\u00e7lendirme \u00e7al\u0131\u015fmalar\u0131n\u0131n ard\u0131ndan ziyarete a\u00e7\u0131ld\u0131. 23 antik kent ve \u00f6ren yeri ile \u00fclkenin en zengin arkeolojik de\u011fere sahip illerinden olan Ayd\u0131n\u2019da y\u00fczey ara\u015ft\u0131rmalar\u0131 ve kaz\u0131 \u00e7al\u0131\u015fmalar\u0131 aral\u0131ks\u0131z devam ediyor&#8230;.<\/p>\n","protected":false},"author":1,"featured_media":46985,"comment_status":"open","ping_status":"open","sticky":false,"template":"","format":"standard","meta":{"_crdt_document":"","footnotes":""},"categories":[1],"tags":[],"class_list":["post-46984","post","type-post","status-publish","format-standard","has-post-thumbnail","hentry","category-guncel"],"_links":{"self":[{"href":"https:\/\/www.egemtv.com\/index.php?rest_route=\/wp\/v2\/posts\/46984","targetHints":{"allow":["GET"]}}],"collection":[{"href":"https:\/\/www.egemtv.com\/index.php?rest_route=\/wp\/v2\/posts"}],"about":[{"href":"https:\/\/www.egemtv.com\/index.php?rest_route=\/wp\/v2\/types\/post"}],"author":[{"embeddable":true,"href":"https:\/\/www.egemtv.com\/index.php?rest_route=\/wp\/v2\/users\/1"}],"replies":[{"embeddable":true,"href":"https:\/\/www.egemtv.com\/index.php?rest_route=%2Fwp%2Fv2%2Fcomments&post=46984"}],"version-history":[{"count":1,"href":"https:\/\/www.egemtv.com\/index.php?rest_route=\/wp\/v2\/posts\/46984\/revisions"}],"predecessor-version":[{"id":46986,"href":"https:\/\/www.egemtv.com\/index.php?rest_route=\/wp\/v2\/posts\/46984\/revisions\/46986"}],"wp:featuredmedia":[{"embeddable":true,"href":"https:\/\/www.egemtv.com\/index.php?rest_route=\/wp\/v2\/media\/46985"}],"wp:attachment":[{"href":"https:\/\/www.egemtv.com\/index.php?rest_route=%2Fwp%2Fv2%2Fmedia&parent=46984"}],"wp:term":[{"taxonomy":"category","embeddable":true,"href":"https:\/\/www.egemtv.com\/index.php?rest_route=%2Fwp%2Fv2%2Fcategories&post=46984"},{"taxonomy":"post_tag","embeddable":true,"href":"https:\/\/www.egemtv.com\/index.php?rest_route=%2Fwp%2Fv2%2Ftags&post=46984"}],"curies":[{"name":"wp","href":"https:\/\/api.w.org\/{rel}","templated":true}]}}