{"id":46981,"date":"2025-08-05T17:34:54","date_gmt":"2025-08-05T14:34:54","guid":{"rendered":"https:\/\/www.egemtv.com\/?p=46981"},"modified":"2025-08-05T17:34:55","modified_gmt":"2025-08-05T14:34:55","slug":"denizlide-gunler-once-dusen-yildirim-orman-yanginina-neden-oldu","status":"publish","type":"post","link":"https:\/\/www.egemtv.com\/?p=46981","title":{"rendered":"Denizli\u2019de g\u00fcnler \u00f6nce d\u00fc\u015fen y\u0131ld\u0131r\u0131m orman yang\u0131n\u0131na neden oldu"},"content":{"rendered":"<p>Denizli\u2019nin Ac\u0131payam il\u00e7esinde sarp arazide devam eden orman yang\u0131n\u0131na havadan m\u00fcdahale ediliyor. \u0130lk belirlemelere g\u00f6re yang\u0131n\u0131n, hafta sonu \u00fczerine y\u0131ld\u0131r\u0131m d\u00fc\u015fen bir a\u011fac\u0131n patlamas\u0131 sonucu ba\u015flad\u0131\u011f\u0131 tespit edildi.<\/p>\n<p>Denizli\u2019nin Ac\u0131payam il\u00e7esine ba\u011fl\u0131 Karaismailler Mahallesi\u2019nde sarp arazilerinde bulundu\u011fu ormanl\u0131k alanda yang\u0131n \u00e7\u0131kt\u0131. Yang\u0131n\u0131n \u00e7\u0131kmas\u0131n\u0131n ard\u0131ndan b\u00f6lgeye 6 adet ilk m\u00fcdahale arac\u0131, 13 aras\u00f6z ve 64 personel sevk edildi. Yang\u0131n\u0131n devam etti\u011fi arazisinin sarp olmas\u0131ndan kaynakl\u0131 ula\u015f\u0131mda sorunlar ya\u015fayan ekiplere, havadan 1 helikopter ve 1 yang\u0131n s\u00f6nd\u00fcrme u\u00e7a\u011f\u0131 destek verdi.<\/p>\n<p>Y\u00fcksek kesimlerde etkili olan r\u00fczgar\u0131n da etkisiyle h\u0131zla ilerleyen yang\u0131n\u0131n kontrol alt\u0131na al\u0131nabilmesi i\u00e7in \u00e7al\u0131\u015fmalar\u0131n devam etti\u011fi \u00f6\u011frenildi. Yap\u0131lan ilk belirlemelerde, yang\u0131n\u0131n hafta sonu ya\u011f\u0131\u015fla birlikte \u00fczerine y\u0131ld\u0131r\u0131m d\u00fc\u015fen bir a\u011fac\u0131n i\u00e7ten i\u00e7e yanmas\u0131 ve daha sonra patlamamas\u0131 sonucu ba\u015flam\u0131\u015f olabilece\u011fi de\u011ferlendirildi.<br \/><\/p>\n","protected":false},"excerpt":{"rendered":"<p>Denizli\u2019nin Ac\u0131payam il\u00e7esinde sarp arazide devam eden orman yang\u0131n\u0131na havadan m\u00fcdahale ediliyor. \u0130lk belirlemelere g\u00f6re yang\u0131n\u0131n, hafta sonu \u00fczerine y\u0131ld\u0131r\u0131m d\u00fc\u015fen bir a\u011fac\u0131n patlamas\u0131 sonucu ba\u015flad\u0131\u011f\u0131 tespit edildi. Denizli\u2019nin Ac\u0131payam il\u00e7esine ba\u011fl\u0131 Karaismailler Mahallesi\u2019nde sarp arazilerinde bulundu\u011fu ormanl\u0131k alanda yang\u0131n \u00e7\u0131kt\u0131. Yang\u0131n\u0131n \u00e7\u0131kmas\u0131n\u0131n ard\u0131ndan b\u00f6lgeye 6 adet ilk m\u00fcdahale arac\u0131, 13 aras\u00f6z ve 64 personel&#8230;<\/p>\n","protected":false},"author":1,"featured_media":46982,"comment_status":"open","ping_status":"open","sticky":false,"template":"","format":"standard","meta":{"_crdt_document":"","footnotes":""},"categories":[5],"tags":[],"class_list":["post-46981","post","type-post","status-publish","format-standard","has-post-thumbnail","hentry","category-asayis"],"_links":{"self":[{"href":"https:\/\/www.egemtv.com\/index.php?rest_route=\/wp\/v2\/posts\/46981","targetHints":{"allow":["GET"]}}],"collection":[{"href":"https:\/\/www.egemtv.com\/index.php?rest_route=\/wp\/v2\/posts"}],"about":[{"href":"https:\/\/www.egemtv.com\/index.php?rest_route=\/wp\/v2\/types\/post"}],"author":[{"embeddable":true,"href":"https:\/\/www.egemtv.com\/index.php?rest_route=\/wp\/v2\/users\/1"}],"replies":[{"embeddable":true,"href":"https:\/\/www.egemtv.com\/index.php?rest_route=%2Fwp%2Fv2%2Fcomments&post=46981"}],"version-history":[{"count":1,"href":"https:\/\/www.egemtv.com\/index.php?rest_route=\/wp\/v2\/posts\/46981\/revisions"}],"predecessor-version":[{"id":46983,"href":"https:\/\/www.egemtv.com\/index.php?rest_route=\/wp\/v2\/posts\/46981\/revisions\/46983"}],"wp:featuredmedia":[{"embeddable":true,"href":"https:\/\/www.egemtv.com\/index.php?rest_route=\/wp\/v2\/media\/46982"}],"wp:attachment":[{"href":"https:\/\/www.egemtv.com\/index.php?rest_route=%2Fwp%2Fv2%2Fmedia&parent=46981"}],"wp:term":[{"taxonomy":"category","embeddable":true,"href":"https:\/\/www.egemtv.com\/index.php?rest_route=%2Fwp%2Fv2%2Fcategories&post=46981"},{"taxonomy":"post_tag","embeddable":true,"href":"https:\/\/www.egemtv.com\/index.php?rest_route=%2Fwp%2Fv2%2Ftags&post=46981"}],"curies":[{"name":"wp","href":"https:\/\/api.w.org\/{rel}","templated":true}]}}