{"id":46978,"date":"2025-08-05T17:34:54","date_gmt":"2025-08-05T14:34:54","guid":{"rendered":"https:\/\/www.egemtv.com\/?p=46978"},"modified":"2025-08-05T17:34:54","modified_gmt":"2025-08-05T14:34:54","slug":"fethiyede-3-kisiyi-olduren-aybeyin-davasi-goruldu","status":"publish","type":"post","link":"https:\/\/www.egemtv.com\/?p=46978","title":{"rendered":"Fethiye\u2019de 3 ki\u015fiyi \u00f6ld\u00fcren Aybey\u2019in davas\u0131 g\u00f6r\u00fcld\u00fc"},"content":{"rendered":"<p>Fethiye\u2019de \u00fc\u00e7 ki\u015fiyi \u00f6ld\u00fcrd\u00fc\u011f\u00fc, iki ki\u015fiyi de yaralad\u0131\u011f\u0131 iddias\u0131yla yarg\u0131lanan 15 Temmuz gazisi \u00d6zcan Aybey\u2019in davas\u0131nda tan\u0131klar g\u00f6rd\u00fcklerini anlatt\u0131. San\u0131k Aybey, 36 kiloya d\u00fc\u015ft\u00fc\u011f\u00fcn\u00fc belirterek ev hapsi talep etti.<\/p>\n<p>Mu\u011fla\u2019n\u0131n Fethiye il\u00e7esi, Kayak\u00f6y Mahallesi\u2019nde 15 Temmuz gazisi \u00d6zcan Aybey\u2019in, kay\u0131npederi \u015e\u00fckr\u00fc Aysu, kay\u0131nvalidesi Adile Aysu ve Muhammet Akbaba\u2019y\u0131 \u00f6ld\u00fcrd\u00fc\u011f\u00fc, iki ki\u015fiyi de yaralad\u0131\u011f\u0131 iddias\u0131yla yarg\u0131land\u0131\u011f\u0131 davan\u0131n duru\u015fmas\u0131 Fethiye 3. A\u011f\u0131r Ceza Mahkemesi\u2019nde g\u00f6r\u00fcld\u00fc.<\/p>\n<p>Duru\u015fmaya san\u0131k \u00d6zcan Aybey, Ses ve G\u00f6r\u00fcnt\u00fc Bili\u015fim Sistemi (SEGB\u0130S) arac\u0131l\u0131\u011f\u0131yla kat\u0131ld\u0131. Duru\u015fmada, san\u0131\u011f\u0131n eski e\u015fi ve ayn\u0131 zamanda hayat\u0131n\u0131 kaybeden \u015e\u00fckr\u00fc ve Adile Aysu\u2019nun k\u0131z\u0131 N.A. ile, \u00f6ld\u00fcr\u00fclen Muhammet Akbaba\u2019n\u0131n e\u015fi \u00dc.A. ve k\u0131z\u0131 H.A. da haz\u0131r bulundu.<\/p>\n<p>&#8220;Tan\u0131klar olay\u0131 anlatt\u0131&#8221;<br \/>\n<br \/>Tan\u0131klardan F.A., olay g\u00fcn\u00fc \u00d6zcan Aybey\u2019in sabah saatlerinde elinde silahla kendi evine geldi\u011fini belirterek, &#8220;E\u015fi ve \u00e7ocu\u011fu o gece bizde kalm\u0131\u015ft\u0131. \u00d6zcan, e\u015fini sordu. Silah\u0131 g\u00f6r\u00fcnce korkup evde olmad\u0131\u011f\u0131n\u0131 s\u00f6yledik. Ard\u0131ndan olay yerinden ayr\u0131ld\u0131. K\u0131sa bir s\u00fcre sonra 4-5 el silah sesi duydum&#8221; dedi.<\/p>\n<p>Kom\u015fulardan H.A. ise, &#8220;Silah sesleriyle uyand\u0131m. Pencereden bakt\u0131\u011f\u0131mda Adile Aysu\u2019yu g\u00f6rd\u00fcm. \u2018Tamam o\u011flum, tamam\u2019 dedi\u011fi s\u0131rada bir silah sesi daha geldi ve yere d\u00fc\u015ft\u00fc. Ancak ate\u015f eden ki\u015fiyi g\u00f6remedim&#8221; diye konu\u015ftu.<\/p>\n<p>Olay yerine yak\u0131n oturan G.A. da, &#8220;Muhammet Akbaba vurulmu\u015f halde bizim evin \u00f6n\u00fcne geldi. \u2018Abla kan\u0131m\u0131 durdur\u2019 dedi. 5 dakika i\u00e7inde \u00f6n\u00fcm\u00fczde hayat\u0131n\u0131 kaybetti&#8221; ifadelerini kulland\u0131.<\/p>\n<p>&#8220;San\u0131ktan savunma ve ev hapsi talebi&#8221;<br \/>\n<br \/>Hakk\u0131nda &#8220;canavarca hisle kasten \u00f6ld\u00fcrme&#8221; su\u00e7undan \u00fc\u00e7 kez a\u011f\u0131rla\u015ft\u0131r\u0131lm\u0131\u015f m\u00fcebbet ve &#8220;kasten \u00f6ld\u00fcrmeye te\u015febb\u00fcs&#8221; su\u00e7undan iki kez 15 y\u0131la kadar hapis cezas\u0131 istemiyle yarg\u0131lanan \u00d6zcan Aybey, duru\u015fmaya SEGB\u0130S arac\u0131l\u0131\u011f\u0131yla kat\u0131ld\u0131.<\/p>\n<p>Tan\u0131k ifadelerindeki aleyhine olan beyanlar\u0131 reddederek, &#8220;Cezaevinde sa\u011fl\u0131\u011f\u0131m giderek bozuldu, 36 kiloya kadar d\u00fc\u015ft\u00fcm. Sa\u011fl\u0131k durumumla ilgili adli t\u0131p raporlar\u0131m \u00e7\u0131kacak. Bu nedenle ev hapsi talep ediyorum&#8221; dedi.<\/p>\n<p>Tutukluluk halinin devam\u0131na karar verildi<br \/>\n<br \/>Ma\u011fdur avukatlar\u0131, san\u0131\u011f\u0131n su\u00e7tan kurtulmak amac\u0131yla somut delillere dayanmayan beyanlarda bulundu\u011funu savunarak, Aybey\u2019in ifadelerine itiraz etti. Mahkeme heyeti, san\u0131\u011f\u0131n tutukluluk halinin devam\u0131na karar vererek duru\u015fmay\u0131 ileri bir tarihe erteledi.<br \/><\/p>\n","protected":false},"excerpt":{"rendered":"<p>Fethiye\u2019de \u00fc\u00e7 ki\u015fiyi \u00f6ld\u00fcrd\u00fc\u011f\u00fc, iki ki\u015fiyi de yaralad\u0131\u011f\u0131 iddias\u0131yla yarg\u0131lanan 15 Temmuz gazisi \u00d6zcan Aybey\u2019in davas\u0131nda tan\u0131klar g\u00f6rd\u00fcklerini anlatt\u0131. San\u0131k Aybey, 36 kiloya d\u00fc\u015ft\u00fc\u011f\u00fcn\u00fc belirterek ev hapsi talep etti. Mu\u011fla\u2019n\u0131n Fethiye il\u00e7esi, Kayak\u00f6y Mahallesi\u2019nde 15 Temmuz gazisi \u00d6zcan Aybey\u2019in, kay\u0131npederi \u015e\u00fckr\u00fc Aysu, kay\u0131nvalidesi Adile Aysu ve Muhammet Akbaba\u2019y\u0131 \u00f6ld\u00fcrd\u00fc\u011f\u00fc, iki ki\u015fiyi de yaralad\u0131\u011f\u0131 iddias\u0131yla yarg\u0131land\u0131\u011f\u0131&#8230;<\/p>\n","protected":false},"author":1,"featured_media":46979,"comment_status":"open","ping_status":"open","sticky":false,"template":"","format":"standard","meta":{"_crdt_document":"","footnotes":""},"categories":[5],"tags":[],"class_list":["post-46978","post","type-post","status-publish","format-standard","has-post-thumbnail","hentry","category-asayis"],"_links":{"self":[{"href":"https:\/\/www.egemtv.com\/index.php?rest_route=\/wp\/v2\/posts\/46978","targetHints":{"allow":["GET"]}}],"collection":[{"href":"https:\/\/www.egemtv.com\/index.php?rest_route=\/wp\/v2\/posts"}],"about":[{"href":"https:\/\/www.egemtv.com\/index.php?rest_route=\/wp\/v2\/types\/post"}],"author":[{"embeddable":true,"href":"https:\/\/www.egemtv.com\/index.php?rest_route=\/wp\/v2\/users\/1"}],"replies":[{"embeddable":true,"href":"https:\/\/www.egemtv.com\/index.php?rest_route=%2Fwp%2Fv2%2Fcomments&post=46978"}],"version-history":[{"count":1,"href":"https:\/\/www.egemtv.com\/index.php?rest_route=\/wp\/v2\/posts\/46978\/revisions"}],"predecessor-version":[{"id":46980,"href":"https:\/\/www.egemtv.com\/index.php?rest_route=\/wp\/v2\/posts\/46978\/revisions\/46980"}],"wp:featuredmedia":[{"embeddable":true,"href":"https:\/\/www.egemtv.com\/index.php?rest_route=\/wp\/v2\/media\/46979"}],"wp:attachment":[{"href":"https:\/\/www.egemtv.com\/index.php?rest_route=%2Fwp%2Fv2%2Fmedia&parent=46978"}],"wp:term":[{"taxonomy":"category","embeddable":true,"href":"https:\/\/www.egemtv.com\/index.php?rest_route=%2Fwp%2Fv2%2Fcategories&post=46978"},{"taxonomy":"post_tag","embeddable":true,"href":"https:\/\/www.egemtv.com\/index.php?rest_route=%2Fwp%2Fv2%2Ftags&post=46978"}],"curies":[{"name":"wp","href":"https:\/\/api.w.org\/{rel}","templated":true}]}}