{"id":46975,"date":"2025-08-05T16:54:51","date_gmt":"2025-08-05T13:54:51","guid":{"rendered":"https:\/\/www.egemtv.com\/?p=46975"},"modified":"2025-08-05T16:54:52","modified_gmt":"2025-08-05T13:54:52","slug":"buyuksehir-tarlaniza-geliyoruz-projesiyle-milasli-ureticilerin-yaninda","status":"publish","type":"post","link":"https:\/\/www.egemtv.com\/?p=46975","title":{"rendered":"B\u00fcy\u00fck\u015fehir \u2018Tarlan\u0131za Geliyoruz\u2019 projesiyle Milasl\u0131 \u00fcreticilerin yan\u0131nda"},"content":{"rendered":"<p>Mu\u011fla B\u00fcy\u00fck\u015fehir Belediyesi\u2019nin tar\u0131msal \u00fcretimi desteklemek ve \u00fcreticiye do\u011frudan katk\u0131 sa\u011flamak amac\u0131yla hayata ge\u00e7irdi\u011fi \u2018Tarlan\u0131za Geliyoruz\u2019 Projesi kapsam\u0131nda, zeytin \u00fcreticilerine y\u00f6nelik e\u011fitimler devam ediyor.<br \/>\n<br \/>Bu kapsamda B\u00fcy\u00fck\u015fehir Belediyesi, Milas il\u00e7esine ba\u011fl\u0131 Yaka, Selimiye, Bah\u00e7eburun ve Be\u00e7in Mahallelerinde \u00fcreticilerin kat\u0131l\u0131m\u0131yla d\u00f6rt ayr\u0131 e\u011fitim program\u0131 d\u00fczenledi. E\u011fitimlerde zeytin yeti\u015ftiricili\u011fine dair teknik bilgiler payla\u015f\u0131l\u0131rken, \u00fcreticilerin bilin\u00e7li ve s\u00fcrd\u00fcr\u00fclebilir tar\u0131m uygulamalar\u0131na y\u00f6nlendirilmesi hedefleniyor.<br \/>\n<br \/>2025 zeytin hasat d\u00f6nemine yakla\u015f\u0131l\u0131rken ger\u00e7ekle\u015ftirilen e\u011fitimlerde, kaliteli zeytin ve zeytinya\u011f\u0131 i\u00e7in dikkat edilmesi gereken temel ba\u015fl\u0131klar ele al\u0131nd\u0131. Hasat zamanlamas\u0131ndan ta\u015f\u0131ma \u015fartlar\u0131na, zeytinlerin s\u0131k\u0131m s\u00fcresi ve y\u00f6nteminden kullan\u0131lan tesislerin uygunlu\u011funa, zeytinya\u011f\u0131n\u0131n do\u011fru \u015fartlarda depolanmas\u0131na kadar bir\u00e7ok konuda \u00fcreticiler bilgilendirildi.<br \/>\n<br \/>E\u011fitimlerde analizin \u00f6nemine de\u011finildi<br \/>\n<br \/>E\u011fitimlerde, zeytinya\u011f\u0131n\u0131n kalitesini belirlemede kimyasal analizlerin b\u00fcy\u00fck \u00f6nem ta\u015f\u0131d\u0131\u011f\u0131 vurguland\u0131. \u00dcreticilere, bu analizlerin pazarlama ve sat\u0131\u015f s\u00fcre\u00e7lerinde \u00fcr\u00fcn\u00fcn de\u011ferini art\u0131rd\u0131\u011f\u0131 anlat\u0131ld\u0131. Ayr\u0131ca bu hizmetlerin, Mu\u011fla B\u00fcy\u00fck\u015fehir Belediyesi\u2019ne ba\u011fl\u0131 100. Y\u0131l G\u0131da Analiz Laboratuvar\u0131 taraf\u0131ndan sunuldu\u011fu bilgisi payla\u015f\u0131ld\u0131.<br \/>\n<br \/>&#8220;S\u00fcrd\u00fcr\u00fclebilir zeytincilik i\u00e7in bilin\u00e7li \u00fcretim vurgusu&#8221;<br \/>\n<br \/>Zeytin yeti\u015ftiricili\u011finde toprak ve yaprak analizlerinin \u00f6nemi, do\u011fru budama ve g\u00fcbreleme teknikleri, zararl\u0131larla m\u00fccadelede \u00e7evreye duyarl\u0131 ve bilin\u00e7li y\u00f6ntemlerin kullan\u0131m\u0131 da e\u011fitimin ana ba\u015fl\u0131klar\u0131 aras\u0131nda yer ald\u0131. E\u011fitimlerle, \u00fcreticilerin bilin\u00e7li, s\u00fcrd\u00fcr\u00fclebilir ve kaliteli \u00fcretim yapabilmeleri i\u00e7in fark\u0131ndal\u0131k kazanmalar\u0131 hedeflendi.<br \/>\n<br \/>Ba\u015fkan Aras: &#8220;\u00dcreten \u00e7ift\u00e7imizle omuz omuzay\u0131z&#8221;<br \/>\n<br \/>K\u0131y\u0131 Ege Belediyeler Birli\u011fi ve Mu\u011fla B\u00fcy\u00fck\u015fehir Belediye Ba\u015fkan\u0131 Ahmet Aras, zeytin \u00fcreticilerine y\u00f6nelik d\u00fczenlenen e\u011fitimlerle ilgili yapt\u0131\u011f\u0131 a\u00e7\u0131klamada \u015fu ifadeleri kulland\u0131: &#8220;Mu\u011fla\u2019n\u0131n bereketli topraklar\u0131nda \u00fcreten her yurtta\u015f\u0131m\u0131z\u0131n yan\u0131nday\u0131z. \u2018Tarlan\u0131za Geliyoruz\u2019 projesiyle sadece bilgi de\u011fil, ayn\u0131 zamanda g\u00fc\u00e7 ve dayan\u0131\u015fma ta\u015f\u0131yoruz. Zeytin ve zeytinya\u011f\u0131, bu co\u011frafyan\u0131n hem k\u00fclt\u00fcr\u00fc hem de ge\u00e7im kayna\u011f\u0131d\u0131r. Kaliteli ve katma de\u011feri y\u00fcksek bir \u00fcretim i\u00e7in do\u011fru bilgiye ula\u015fmak \u00e7ok k\u0131ymetli. \u00dcreticimizin eme\u011fiyle birlikte biz de \u00fczerimize d\u00fc\u015feni yapmaya devam edece\u011fiz. K\u0131rsalda kalk\u0131nmay\u0131 birlikte in\u015fa edece\u011fiz&#8221;<br \/><\/p>\n","protected":false},"excerpt":{"rendered":"<p>Mu\u011fla B\u00fcy\u00fck\u015fehir Belediyesi\u2019nin tar\u0131msal \u00fcretimi desteklemek ve \u00fcreticiye do\u011frudan katk\u0131 sa\u011flamak amac\u0131yla hayata ge\u00e7irdi\u011fi \u2018Tarlan\u0131za Geliyoruz\u2019 Projesi kapsam\u0131nda, zeytin \u00fcreticilerine y\u00f6nelik e\u011fitimler devam ediyor. Bu kapsamda B\u00fcy\u00fck\u015fehir Belediyesi, Milas il\u00e7esine ba\u011fl\u0131 Yaka, Selimiye, Bah\u00e7eburun ve Be\u00e7in Mahallelerinde \u00fcreticilerin kat\u0131l\u0131m\u0131yla d\u00f6rt ayr\u0131 e\u011fitim program\u0131 d\u00fczenledi. E\u011fitimlerde zeytin yeti\u015ftiricili\u011fine dair teknik bilgiler payla\u015f\u0131l\u0131rken, \u00fcreticilerin bilin\u00e7li ve s\u00fcrd\u00fcr\u00fclebilir&#8230;<\/p>\n","protected":false},"author":1,"featured_media":46976,"comment_status":"open","ping_status":"open","sticky":false,"template":"","format":"standard","meta":{"_crdt_document":"","footnotes":""},"categories":[125],"tags":[],"class_list":["post-46975","post","type-post","status-publish","format-standard","has-post-thumbnail","hentry","category-ekonomi"],"_links":{"self":[{"href":"https:\/\/www.egemtv.com\/index.php?rest_route=\/wp\/v2\/posts\/46975","targetHints":{"allow":["GET"]}}],"collection":[{"href":"https:\/\/www.egemtv.com\/index.php?rest_route=\/wp\/v2\/posts"}],"about":[{"href":"https:\/\/www.egemtv.com\/index.php?rest_route=\/wp\/v2\/types\/post"}],"author":[{"embeddable":true,"href":"https:\/\/www.egemtv.com\/index.php?rest_route=\/wp\/v2\/users\/1"}],"replies":[{"embeddable":true,"href":"https:\/\/www.egemtv.com\/index.php?rest_route=%2Fwp%2Fv2%2Fcomments&post=46975"}],"version-history":[{"count":1,"href":"https:\/\/www.egemtv.com\/index.php?rest_route=\/wp\/v2\/posts\/46975\/revisions"}],"predecessor-version":[{"id":46977,"href":"https:\/\/www.egemtv.com\/index.php?rest_route=\/wp\/v2\/posts\/46975\/revisions\/46977"}],"wp:featuredmedia":[{"embeddable":true,"href":"https:\/\/www.egemtv.com\/index.php?rest_route=\/wp\/v2\/media\/46976"}],"wp:attachment":[{"href":"https:\/\/www.egemtv.com\/index.php?rest_route=%2Fwp%2Fv2%2Fmedia&parent=46975"}],"wp:term":[{"taxonomy":"category","embeddable":true,"href":"https:\/\/www.egemtv.com\/index.php?rest_route=%2Fwp%2Fv2%2Fcategories&post=46975"},{"taxonomy":"post_tag","embeddable":true,"href":"https:\/\/www.egemtv.com\/index.php?rest_route=%2Fwp%2Fv2%2Ftags&post=46975"}],"curies":[{"name":"wp","href":"https:\/\/api.w.org\/{rel}","templated":true}]}}