{"id":46972,"date":"2025-08-05T16:54:50","date_gmt":"2025-08-05T13:54:50","guid":{"rendered":"https:\/\/www.egemtv.com\/?p=46972"},"modified":"2025-08-05T16:54:51","modified_gmt":"2025-08-05T13:54:51","slug":"soke-belediyesinden-atburgazi-mahallesine-park-duzenleme-calismasi","status":"publish","type":"post","link":"https:\/\/www.egemtv.com\/?p=46972","title":{"rendered":"S\u00f6ke Belediyesi\u2019nden Atburgaz\u0131 Mahallesi\u2019ne park d\u00fczenleme \u00e7al\u0131\u015fmas\u0131"},"content":{"rendered":"<p>S\u00f6ke Belediyesi park ve ye\u015fil alanlardaki yenileme \u00e7al\u0131\u015fmalar\u0131n\u0131 s\u00fcrd\u00fcr\u00fcyor. D\u00fczenlenme \u00e7al\u0131\u015fmalar\u0131n\u0131 \u00e7evre mahallelere de yaymay\u0131 hedefleyerek, Atburgaz\u0131 Mahallesi\u2019nde bulunan parkta ba\u015flat\u0131lan \u00e7al\u0131\u015fma h\u0131zland\u0131.<\/p>\n<p>S\u00f6ke Belediyesi Park ve Bah\u00e7eler M\u00fcd\u00fcrl\u00fc\u011f\u00fc\u2019ne ba\u011fl\u0131 ekipler, Atburgaz\u0131 Mahallesi\u2019ndeki mevcut park alan\u0131n\u0131 ba\u015ftan sona yenileyerek daha modern, i\u015flevsel ve kullan\u0131\u015fl\u0131 hale getirmek i\u00e7in \u00e7al\u0131\u015fmalar\u0131n\u0131 s\u00fcrd\u00fcr\u00fcyor. \u00c7al\u0131\u015fmalar kapsam\u0131nda parkta y\u00fcr\u00fcy\u00fc\u015f yollar\u0131, oturma alanlar\u0131 ve peyzaj d\u00fczenlemeleri yap\u0131lmas\u0131 planlan\u0131yor.<\/p>\n<p>Yap\u0131lan \u00e7al\u0131\u015fmalar mahalle sakinleri taraf\u0131ndan memnuniyetle kar\u015f\u0131land\u0131. Atburgaz\u0131 Park\u0131\u2019n\u0131n en k\u0131sa s\u00fcrede tamamlanarak park\u0131n vatanda\u015flar\u0131n kullan\u0131m\u0131na sunulaca\u011f\u0131n\u0131 belirtildi.<br \/><\/p>\n","protected":false},"excerpt":{"rendered":"<p>S\u00f6ke Belediyesi park ve ye\u015fil alanlardaki yenileme \u00e7al\u0131\u015fmalar\u0131n\u0131 s\u00fcrd\u00fcr\u00fcyor. D\u00fczenlenme \u00e7al\u0131\u015fmalar\u0131n\u0131 \u00e7evre mahallelere de yaymay\u0131 hedefleyerek, Atburgaz\u0131 Mahallesi\u2019nde bulunan parkta ba\u015flat\u0131lan \u00e7al\u0131\u015fma h\u0131zland\u0131. S\u00f6ke Belediyesi Park ve Bah\u00e7eler M\u00fcd\u00fcrl\u00fc\u011f\u00fc\u2019ne ba\u011fl\u0131 ekipler, Atburgaz\u0131 Mahallesi\u2019ndeki mevcut park alan\u0131n\u0131 ba\u015ftan sona yenileyerek daha modern, i\u015flevsel ve kullan\u0131\u015fl\u0131 hale getirmek i\u00e7in \u00e7al\u0131\u015fmalar\u0131n\u0131 s\u00fcrd\u00fcr\u00fcyor. \u00c7al\u0131\u015fmalar kapsam\u0131nda parkta y\u00fcr\u00fcy\u00fc\u015f yollar\u0131, oturma&#8230;<\/p>\n","protected":false},"author":1,"featured_media":46973,"comment_status":"open","ping_status":"open","sticky":false,"template":"","format":"standard","meta":{"_crdt_document":"","footnotes":""},"categories":[1],"tags":[],"class_list":["post-46972","post","type-post","status-publish","format-standard","has-post-thumbnail","hentry","category-guncel"],"_links":{"self":[{"href":"https:\/\/www.egemtv.com\/index.php?rest_route=\/wp\/v2\/posts\/46972","targetHints":{"allow":["GET"]}}],"collection":[{"href":"https:\/\/www.egemtv.com\/index.php?rest_route=\/wp\/v2\/posts"}],"about":[{"href":"https:\/\/www.egemtv.com\/index.php?rest_route=\/wp\/v2\/types\/post"}],"author":[{"embeddable":true,"href":"https:\/\/www.egemtv.com\/index.php?rest_route=\/wp\/v2\/users\/1"}],"replies":[{"embeddable":true,"href":"https:\/\/www.egemtv.com\/index.php?rest_route=%2Fwp%2Fv2%2Fcomments&post=46972"}],"version-history":[{"count":1,"href":"https:\/\/www.egemtv.com\/index.php?rest_route=\/wp\/v2\/posts\/46972\/revisions"}],"predecessor-version":[{"id":46974,"href":"https:\/\/www.egemtv.com\/index.php?rest_route=\/wp\/v2\/posts\/46972\/revisions\/46974"}],"wp:featuredmedia":[{"embeddable":true,"href":"https:\/\/www.egemtv.com\/index.php?rest_route=\/wp\/v2\/media\/46973"}],"wp:attachment":[{"href":"https:\/\/www.egemtv.com\/index.php?rest_route=%2Fwp%2Fv2%2Fmedia&parent=46972"}],"wp:term":[{"taxonomy":"category","embeddable":true,"href":"https:\/\/www.egemtv.com\/index.php?rest_route=%2Fwp%2Fv2%2Fcategories&post=46972"},{"taxonomy":"post_tag","embeddable":true,"href":"https:\/\/www.egemtv.com\/index.php?rest_route=%2Fwp%2Fv2%2Ftags&post=46972"}],"curies":[{"name":"wp","href":"https:\/\/api.w.org\/{rel}","templated":true}]}}