{"id":46969,"date":"2025-08-05T16:54:49","date_gmt":"2025-08-05T13:54:49","guid":{"rendered":"https:\/\/www.egemtv.com\/?p=46969"},"modified":"2025-08-05T16:54:50","modified_gmt":"2025-08-05T13:54:50","slug":"koycegiz-sazlik-yangininda-sogutma-calismasi-yapiliyor","status":"publish","type":"post","link":"https:\/\/www.egemtv.com\/?p=46969","title":{"rendered":"K\u00f6yce\u011fiz sazl\u0131k yang\u0131n\u0131nda so\u011futma \u00e7al\u0131\u015fmas\u0131 yap\u0131l\u0131yor"},"content":{"rendered":"<p>Mu\u011fla\u2019n\u0131n K\u00f6yce\u011fiz ilesinde g\u00f6l kenar\u0131nda ba\u015flayan sazl\u0131k yang\u0131n\u0131 s\u00f6nd\u00fcr\u00fcld\u00fckten sonra so\u011futma \u00e7al\u0131\u015fmas\u0131 ba\u015flat\u0131ld\u0131.<br \/>\n<br \/>K\u00f6yce\u011fiz Hamitk\u00f6y mevkisinde sazl\u0131k alanda ba\u015flayan yang\u0131n sonras\u0131 b\u00f6lgeye orman araz\u00f6z, itfaiye ve hava ara\u00e7lar\u0131 sevk edildi. Ekiplerin havadanv e karadan m\u00fcdahalesi ile sazl\u0131k yang\u0131n\u0131 kontrol alt\u0131na al\u0131nd\u0131 ve yanan sahada ekipler taraf\u0131ndan so\u011futma \u00e7al\u0131\u015fmas\u0131 yap\u0131ld\u0131.<br \/><\/p>\n","protected":false},"excerpt":{"rendered":"<p>Mu\u011fla\u2019n\u0131n K\u00f6yce\u011fiz ilesinde g\u00f6l kenar\u0131nda ba\u015flayan sazl\u0131k yang\u0131n\u0131 s\u00f6nd\u00fcr\u00fcld\u00fckten sonra so\u011futma \u00e7al\u0131\u015fmas\u0131 ba\u015flat\u0131ld\u0131. K\u00f6yce\u011fiz Hamitk\u00f6y mevkisinde sazl\u0131k alanda ba\u015flayan yang\u0131n sonras\u0131 b\u00f6lgeye orman araz\u00f6z, itfaiye ve hava ara\u00e7lar\u0131 sevk edildi. Ekiplerin havadanv e karadan m\u00fcdahalesi ile sazl\u0131k yang\u0131n\u0131 kontrol alt\u0131na al\u0131nd\u0131 ve yanan sahada ekipler taraf\u0131ndan so\u011futma \u00e7al\u0131\u015fmas\u0131 yap\u0131ld\u0131.<\/p>\n","protected":false},"author":1,"featured_media":46970,"comment_status":"open","ping_status":"open","sticky":false,"template":"","format":"standard","meta":{"_crdt_document":"","footnotes":""},"categories":[5],"tags":[],"class_list":["post-46969","post","type-post","status-publish","format-standard","has-post-thumbnail","hentry","category-asayis"],"_links":{"self":[{"href":"https:\/\/www.egemtv.com\/index.php?rest_route=\/wp\/v2\/posts\/46969","targetHints":{"allow":["GET"]}}],"collection":[{"href":"https:\/\/www.egemtv.com\/index.php?rest_route=\/wp\/v2\/posts"}],"about":[{"href":"https:\/\/www.egemtv.com\/index.php?rest_route=\/wp\/v2\/types\/post"}],"author":[{"embeddable":true,"href":"https:\/\/www.egemtv.com\/index.php?rest_route=\/wp\/v2\/users\/1"}],"replies":[{"embeddable":true,"href":"https:\/\/www.egemtv.com\/index.php?rest_route=%2Fwp%2Fv2%2Fcomments&post=46969"}],"version-history":[{"count":1,"href":"https:\/\/www.egemtv.com\/index.php?rest_route=\/wp\/v2\/posts\/46969\/revisions"}],"predecessor-version":[{"id":46971,"href":"https:\/\/www.egemtv.com\/index.php?rest_route=\/wp\/v2\/posts\/46969\/revisions\/46971"}],"wp:featuredmedia":[{"embeddable":true,"href":"https:\/\/www.egemtv.com\/index.php?rest_route=\/wp\/v2\/media\/46970"}],"wp:attachment":[{"href":"https:\/\/www.egemtv.com\/index.php?rest_route=%2Fwp%2Fv2%2Fmedia&parent=46969"}],"wp:term":[{"taxonomy":"category","embeddable":true,"href":"https:\/\/www.egemtv.com\/index.php?rest_route=%2Fwp%2Fv2%2Fcategories&post=46969"},{"taxonomy":"post_tag","embeddable":true,"href":"https:\/\/www.egemtv.com\/index.php?rest_route=%2Fwp%2Fv2%2Ftags&post=46969"}],"curies":[{"name":"wp","href":"https:\/\/api.w.org\/{rel}","templated":true}]}}