{"id":46966,"date":"2025-08-05T16:14:56","date_gmt":"2025-08-05T13:14:56","guid":{"rendered":"https:\/\/www.egemtv.com\/?p=46966"},"modified":"2025-08-05T16:14:57","modified_gmt":"2025-08-05T13:14:57","slug":"bozdoganda-yayla-yollarinda-calisma-baslatildi","status":"publish","type":"post","link":"https:\/\/www.egemtv.com\/?p=46966","title":{"rendered":"Bozdo\u011fan\u2019da yayla yollar\u0131nda \u00e7al\u0131\u015fma ba\u015flat\u0131ld\u0131"},"content":{"rendered":"<p>Bozdo\u011fan\u2019\u0131n Madran ve Karaba\u011flar Mahalleleri\u2019nde yayla yollar\u0131 kapsaml\u0131 bir d\u00fczenlemeden ge\u00e7ti. Belediye ekipleri, bozulmu\u015f yollarda zemin iyile\u015ftirme ve \u015farampol temizli\u011fi yapt\u0131.<br \/>\n<br \/>Bozdo\u011fan Belediyesi, yaz aylar\u0131nda vatanda\u015flar\u0131n s\u0131kl\u0131kla kulland\u0131\u011f\u0131 yayla yollar\u0131nda d\u00fczenleme \u00e7al\u0131\u015fmalar\u0131n\u0131 s\u00fcrd\u00fcr\u00fcyor. Son olarak Madran ve Karaba\u011flar Mahalleleri\u2019nde, ula\u015f\u0131m a\u00e7\u0131s\u0131ndan b\u00fcy\u00fck \u00f6nem ta\u015f\u0131yan yayla yollar\u0131nda \u00e7al\u0131\u015fma ba\u015flat\u0131ld\u0131.<br \/>\n<br \/>Fen \u0130\u015fleri M\u00fcd\u00fcrl\u00fc\u011f\u00fc koordinesinde y\u00fcr\u00fct\u00fclen \u00e7al\u0131\u015fmalarda, stabilize yollarda greyder ve kep\u00e7e ile zemin d\u00fczenlemesi yap\u0131l\u0131rken, \u00e7\u00f6kme ve bozulmalar onar\u0131ld\u0131. Ayr\u0131ca \u015farampollerde biriken toprak ve ta\u015flar temizlenerek suyun do\u011fal ak\u0131\u015f\u0131na kavu\u015fmas\u0131 sa\u011fland\u0131.<br \/>\n<br \/>Vatanda\u015flar yap\u0131lan hizmetten memnun<br \/>\n<br \/>Yayla yolunu kullanan vatanda\u015flar, &#8220;Yayla yollar\u0131m\u0131z uzun s\u00fcredir bu d\u00fczenlemeyi bekliyordu. Belediye ekipleri geldi, yolumuz toparland\u0131. Ba\u015fkan\u0131m\u0131za ve eme\u011fi ge\u00e7enlere te\u015fekk\u00fcr ederiz&#8221; ifadelerini kulland\u0131.<br \/>\n<br \/>Belediyeden yap\u0131lan a\u00e7\u0131klamada ise il\u00e7e genelinde benzer yol d\u00fczenleme \u00e7al\u0131\u015fmalar\u0131n\u0131n program dahilinde devam edece\u011fi belirtildi.<br \/><\/p>\n","protected":false},"excerpt":{"rendered":"<p>Bozdo\u011fan\u2019\u0131n Madran ve Karaba\u011flar Mahalleleri\u2019nde yayla yollar\u0131 kapsaml\u0131 bir d\u00fczenlemeden ge\u00e7ti. Belediye ekipleri, bozulmu\u015f yollarda zemin iyile\u015ftirme ve \u015farampol temizli\u011fi yapt\u0131. Bozdo\u011fan Belediyesi, yaz aylar\u0131nda vatanda\u015flar\u0131n s\u0131kl\u0131kla kulland\u0131\u011f\u0131 yayla yollar\u0131nda d\u00fczenleme \u00e7al\u0131\u015fmalar\u0131n\u0131 s\u00fcrd\u00fcr\u00fcyor. Son olarak Madran ve Karaba\u011flar Mahalleleri\u2019nde, ula\u015f\u0131m a\u00e7\u0131s\u0131ndan b\u00fcy\u00fck \u00f6nem ta\u015f\u0131yan yayla yollar\u0131nda \u00e7al\u0131\u015fma ba\u015flat\u0131ld\u0131. Fen \u0130\u015fleri M\u00fcd\u00fcrl\u00fc\u011f\u00fc koordinesinde y\u00fcr\u00fct\u00fclen \u00e7al\u0131\u015fmalarda, stabilize&#8230;<\/p>\n","protected":false},"author":1,"featured_media":46967,"comment_status":"open","ping_status":"open","sticky":false,"template":"","format":"standard","meta":{"_crdt_document":"","footnotes":""},"categories":[1],"tags":[],"class_list":["post-46966","post","type-post","status-publish","format-standard","has-post-thumbnail","hentry","category-guncel"],"_links":{"self":[{"href":"https:\/\/www.egemtv.com\/index.php?rest_route=\/wp\/v2\/posts\/46966","targetHints":{"allow":["GET"]}}],"collection":[{"href":"https:\/\/www.egemtv.com\/index.php?rest_route=\/wp\/v2\/posts"}],"about":[{"href":"https:\/\/www.egemtv.com\/index.php?rest_route=\/wp\/v2\/types\/post"}],"author":[{"embeddable":true,"href":"https:\/\/www.egemtv.com\/index.php?rest_route=\/wp\/v2\/users\/1"}],"replies":[{"embeddable":true,"href":"https:\/\/www.egemtv.com\/index.php?rest_route=%2Fwp%2Fv2%2Fcomments&post=46966"}],"version-history":[{"count":1,"href":"https:\/\/www.egemtv.com\/index.php?rest_route=\/wp\/v2\/posts\/46966\/revisions"}],"predecessor-version":[{"id":46968,"href":"https:\/\/www.egemtv.com\/index.php?rest_route=\/wp\/v2\/posts\/46966\/revisions\/46968"}],"wp:featuredmedia":[{"embeddable":true,"href":"https:\/\/www.egemtv.com\/index.php?rest_route=\/wp\/v2\/media\/46967"}],"wp:attachment":[{"href":"https:\/\/www.egemtv.com\/index.php?rest_route=%2Fwp%2Fv2%2Fmedia&parent=46966"}],"wp:term":[{"taxonomy":"category","embeddable":true,"href":"https:\/\/www.egemtv.com\/index.php?rest_route=%2Fwp%2Fv2%2Fcategories&post=46966"},{"taxonomy":"post_tag","embeddable":true,"href":"https:\/\/www.egemtv.com\/index.php?rest_route=%2Fwp%2Fv2%2Ftags&post=46966"}],"curies":[{"name":"wp","href":"https:\/\/api.w.org\/{rel}","templated":true}]}}