{"id":46963,"date":"2025-08-05T15:54:50","date_gmt":"2025-08-05T12:54:50","guid":{"rendered":"https:\/\/www.egemtv.com\/?p=46963"},"modified":"2025-08-05T15:54:51","modified_gmt":"2025-08-05T12:54:51","slug":"guney-mahallesinin-yeni-muhtari-belli-oldu","status":"publish","type":"post","link":"https:\/\/www.egemtv.com\/?p=46963","title":{"rendered":"G\u00fcney Mahallesi\u2019nin yeni muhtar\u0131 belli oldu"},"content":{"rendered":"<p>Ayd\u0131n\u2019\u0131n Bozdo\u011fan il\u00e7esinde G\u00fcney Mahallesi\u2019nin yeni muhtar\u0131 Mehmet Ya\u011fc\u0131o\u011flu oldu.<\/p>\n<p>Ayd\u0131n\u2019\u0131n Bozdo\u011fan il\u00e7esine ba\u011fl\u0131 G\u00fcney Mahallesi\u2019nde, &#8220;kasten yaralama&#8221; su\u00e7undan ald\u0131\u011f\u0131 4 y\u0131l 2 ay hapis cezas\u0131 kesinle\u015fen ve tutuklanan Muhtar Baki G\u00fcney\u2019in g\u00f6revden d\u00fc\u015fmesinin ard\u0131ndan g\u00f6zler yeni muhtar\u0131n kim olaca\u011f\u0131na \u00e7evrilmi\u015fti.<\/p>\n<p>Yasal s\u00fcre\u00e7 gere\u011fi, g\u00f6rev s\u00fcresi sona eren muhtar\u0131n yerine ge\u00e7ici olarak ihtiyar heyeti i\u00e7inden en \u00e7ok oy alan Mehmet Ya\u011fc\u0131o\u011flu yeni muhtar olarak se\u00e7ildi.  Mevzuat gere\u011fi, muhtarl\u0131k g\u00f6rev s\u00fcresinin bitimine bir y\u0131ldan fazla s\u00fcre oldu\u011fu i\u00e7in 2026 Haziran ay\u0131nda mahallede yeniden se\u00e7im yap\u0131lmas\u0131 bekleniyor. Bu s\u00fcre\u00e7te g\u00f6revi vekaleten y\u00fcr\u00fctecek olan Mehmet Ya\u011fc\u0131o\u011flu, G\u00fcney halk\u0131n\u0131n taleplerini kar\u015f\u0131lamak \u00fczere muhtarl\u0131k g\u00f6revine ba\u015flayacak.<br \/><\/p>\n","protected":false},"excerpt":{"rendered":"<p>Ayd\u0131n\u2019\u0131n Bozdo\u011fan il\u00e7esinde G\u00fcney Mahallesi\u2019nin yeni muhtar\u0131 Mehmet Ya\u011fc\u0131o\u011flu oldu. Ayd\u0131n\u2019\u0131n Bozdo\u011fan il\u00e7esine ba\u011fl\u0131 G\u00fcney Mahallesi\u2019nde, &#8220;kasten yaralama&#8221; su\u00e7undan ald\u0131\u011f\u0131 4 y\u0131l 2 ay hapis cezas\u0131 kesinle\u015fen ve tutuklanan Muhtar Baki G\u00fcney\u2019in g\u00f6revden d\u00fc\u015fmesinin ard\u0131ndan g\u00f6zler yeni muhtar\u0131n kim olaca\u011f\u0131na \u00e7evrilmi\u015fti. Yasal s\u00fcre\u00e7 gere\u011fi, g\u00f6rev s\u00fcresi sona eren muhtar\u0131n yerine ge\u00e7ici olarak ihtiyar heyeti i\u00e7inden&#8230;<\/p>\n","protected":false},"author":1,"featured_media":46964,"comment_status":"open","ping_status":"open","sticky":false,"template":"","format":"standard","meta":{"_crdt_document":"","footnotes":""},"categories":[1],"tags":[],"class_list":["post-46963","post","type-post","status-publish","format-standard","has-post-thumbnail","hentry","category-guncel"],"_links":{"self":[{"href":"https:\/\/www.egemtv.com\/index.php?rest_route=\/wp\/v2\/posts\/46963","targetHints":{"allow":["GET"]}}],"collection":[{"href":"https:\/\/www.egemtv.com\/index.php?rest_route=\/wp\/v2\/posts"}],"about":[{"href":"https:\/\/www.egemtv.com\/index.php?rest_route=\/wp\/v2\/types\/post"}],"author":[{"embeddable":true,"href":"https:\/\/www.egemtv.com\/index.php?rest_route=\/wp\/v2\/users\/1"}],"replies":[{"embeddable":true,"href":"https:\/\/www.egemtv.com\/index.php?rest_route=%2Fwp%2Fv2%2Fcomments&post=46963"}],"version-history":[{"count":1,"href":"https:\/\/www.egemtv.com\/index.php?rest_route=\/wp\/v2\/posts\/46963\/revisions"}],"predecessor-version":[{"id":46965,"href":"https:\/\/www.egemtv.com\/index.php?rest_route=\/wp\/v2\/posts\/46963\/revisions\/46965"}],"wp:featuredmedia":[{"embeddable":true,"href":"https:\/\/www.egemtv.com\/index.php?rest_route=\/wp\/v2\/media\/46964"}],"wp:attachment":[{"href":"https:\/\/www.egemtv.com\/index.php?rest_route=%2Fwp%2Fv2%2Fmedia&parent=46963"}],"wp:term":[{"taxonomy":"category","embeddable":true,"href":"https:\/\/www.egemtv.com\/index.php?rest_route=%2Fwp%2Fv2%2Fcategories&post=46963"},{"taxonomy":"post_tag","embeddable":true,"href":"https:\/\/www.egemtv.com\/index.php?rest_route=%2Fwp%2Fv2%2Ftags&post=46963"}],"curies":[{"name":"wp","href":"https:\/\/api.w.org\/{rel}","templated":true}]}}