{"id":46960,"date":"2025-08-05T15:54:49","date_gmt":"2025-08-05T12:54:49","guid":{"rendered":"https:\/\/www.egemtv.com\/?p=46960"},"modified":"2025-08-05T15:54:50","modified_gmt":"2025-08-05T12:54:50","slug":"denizlide-sarp-arazide-orman-yangini-basladi","status":"publish","type":"post","link":"https:\/\/www.egemtv.com\/?p=46960","title":{"rendered":"Denizli\u2019de sarp arazide orman yang\u0131n\u0131 ba\u015flad\u0131"},"content":{"rendered":"<p>Denizli\u2019nin Ac\u0131payam il\u00e7esinde sarp arazide orman yang\u0131n\u0131 meydana geldi. Yang\u0131na bir helikopter ve u\u00e7akla m\u00fcdahale ediliyor.<\/p>\n<p>Edinilen bilgiye g\u00f6re; Denizli\u2019nin Ac\u0131payam il\u00e7esine ba\u011fl\u0131 Karaismailler Mahallesi\u2019nde sarp arazilerinde bulundu\u011fu ormanl\u0131k alanda hen\u00fcz belirlenemeyen bir nedenle yang\u0131n \u00e7\u0131kt\u0131. Yang\u0131n\u0131n \u00e7\u0131kmas\u0131n\u0131n ard\u0131ndan b\u00f6lgeye \u00e7ok say\u0131da Orman i\u015fletme M\u00fcd\u00fcrl\u00fc\u011f\u00fc ekipleri ve itfaiye ekipleri sevk edilirken, hava deste\u011fi i\u00e7in de yang\u0131n s\u00f6nd\u00fcrme helikopteri ve yang\u0131n s\u00f6nd\u00fcrme u\u00e7a\u011f\u0131 g\u00f6revlendirildi. Yang\u0131n\u0131n yerle\u015fim yerlerine uzak bir noktada \u00e7\u0131kt\u0131\u011f\u0131 ancak r\u00fczgar\u0131n etkisiyle h\u0131zla yay\u0131ld\u0131\u011f\u0131 bildirildi.<br \/>\n<br \/>Havadan ve karadan m\u00fcdahale edilen yang\u0131n\u0131 s\u00f6nd\u00fcrme \u00e7al\u0131\u015fmalar\u0131na, \u00e7evrede ya\u015fayan mahalle sakinlerinin de destek verdi\u011fi bildirildi.<br \/><\/p>\n","protected":false},"excerpt":{"rendered":"<p>Denizli\u2019nin Ac\u0131payam il\u00e7esinde sarp arazide orman yang\u0131n\u0131 meydana geldi. Yang\u0131na bir helikopter ve u\u00e7akla m\u00fcdahale ediliyor. Edinilen bilgiye g\u00f6re; Denizli\u2019nin Ac\u0131payam il\u00e7esine ba\u011fl\u0131 Karaismailler Mahallesi\u2019nde sarp arazilerinde bulundu\u011fu ormanl\u0131k alanda hen\u00fcz belirlenemeyen bir nedenle yang\u0131n \u00e7\u0131kt\u0131. Yang\u0131n\u0131n \u00e7\u0131kmas\u0131n\u0131n ard\u0131ndan b\u00f6lgeye \u00e7ok say\u0131da Orman i\u015fletme M\u00fcd\u00fcrl\u00fc\u011f\u00fc ekipleri ve itfaiye ekipleri sevk edilirken, hava deste\u011fi i\u00e7in de&#8230;<\/p>\n","protected":false},"author":1,"featured_media":46961,"comment_status":"open","ping_status":"open","sticky":false,"template":"","format":"standard","meta":{"_crdt_document":"","footnotes":""},"categories":[5],"tags":[],"class_list":["post-46960","post","type-post","status-publish","format-standard","has-post-thumbnail","hentry","category-asayis"],"_links":{"self":[{"href":"https:\/\/www.egemtv.com\/index.php?rest_route=\/wp\/v2\/posts\/46960","targetHints":{"allow":["GET"]}}],"collection":[{"href":"https:\/\/www.egemtv.com\/index.php?rest_route=\/wp\/v2\/posts"}],"about":[{"href":"https:\/\/www.egemtv.com\/index.php?rest_route=\/wp\/v2\/types\/post"}],"author":[{"embeddable":true,"href":"https:\/\/www.egemtv.com\/index.php?rest_route=\/wp\/v2\/users\/1"}],"replies":[{"embeddable":true,"href":"https:\/\/www.egemtv.com\/index.php?rest_route=%2Fwp%2Fv2%2Fcomments&post=46960"}],"version-history":[{"count":1,"href":"https:\/\/www.egemtv.com\/index.php?rest_route=\/wp\/v2\/posts\/46960\/revisions"}],"predecessor-version":[{"id":46962,"href":"https:\/\/www.egemtv.com\/index.php?rest_route=\/wp\/v2\/posts\/46960\/revisions\/46962"}],"wp:featuredmedia":[{"embeddable":true,"href":"https:\/\/www.egemtv.com\/index.php?rest_route=\/wp\/v2\/media\/46961"}],"wp:attachment":[{"href":"https:\/\/www.egemtv.com\/index.php?rest_route=%2Fwp%2Fv2%2Fmedia&parent=46960"}],"wp:term":[{"taxonomy":"category","embeddable":true,"href":"https:\/\/www.egemtv.com\/index.php?rest_route=%2Fwp%2Fv2%2Fcategories&post=46960"},{"taxonomy":"post_tag","embeddable":true,"href":"https:\/\/www.egemtv.com\/index.php?rest_route=%2Fwp%2Fv2%2Ftags&post=46960"}],"curies":[{"name":"wp","href":"https:\/\/api.w.org\/{rel}","templated":true}]}}