{"id":46957,"date":"2025-08-05T15:54:48","date_gmt":"2025-08-05T12:54:48","guid":{"rendered":"https:\/\/www.egemtv.com\/?p=46957"},"modified":"2025-08-05T15:54:49","modified_gmt":"2025-08-05T12:54:49","slug":"sokenin-basarili-kizlari-yeni-sezonda-da-soke-belediyesi-adiyla-sahada-olacak","status":"publish","type":"post","link":"https:\/\/www.egemtv.com\/?p=46957","title":{"rendered":"S\u00f6ke\u2019nin ba\u015far\u0131l\u0131 k\u0131zlar\u0131 yeni sezonda da &#8220;S\u00f6ke Belediyesi&#8221; ad\u0131yla sahada olacak"},"content":{"rendered":"<p>Ayd\u0131n\u2019\u0131n S\u00f6ke il\u00e7esinde ba\u015far\u0131lar\u0131yla il\u00e7enin gururu olan tak\u0131m\u0131 \u00f6n\u00fcm\u00fczdeki sezon yine &#8220;S\u00f6ke Belediye Saldos Voleybol Tak\u0131m\u0131&#8221; ad\u0131yla sahalarda olacak.<\/p>\n<p>TVF Kad\u0131nlar 2. Ligi\u2019nde de  m\u00fccadele eden ve il\u00e7enin gururu olan S\u00f6ke Voleybol Tak\u0131m\u0131, 2025-2026 sezonunda da &#8220;S\u00f6ke Belediyesi&#8221; ad\u0131yla sahaya \u00e7\u0131kacak. Son iki sezondur tak\u0131m\u0131n isim sponsorlu\u011funu \u00fcstlenen S\u00f6ke Belediyesi, bu deste\u011fini yeni sezonda da s\u00fcrd\u00fcrme karar\u0131 ald\u0131.<\/p>\n<p>S\u00f6ke Belediye Ba\u015fkan\u0131 Dr. Mustafa \u0130berya Ar\u0131kan ve Kul\u00fcp Ba\u015fkan\u0131 Mutlu Y\u0131ld\u0131r\u0131m aras\u0131nda yap\u0131lan anla\u015fma ile sponsorluk s\u00f6zle\u015fmesi imzaland\u0131. B\u00f6ylece S\u00f6ke\u2019nin ba\u015far\u0131l\u0131 kad\u0131n voleybolcular\u0131, bir sezon daha S\u00f6ke Belediyesi \u00e7at\u0131s\u0131 alt\u0131nda ba\u015far\u0131 hedefiyle m\u00fccadele edecek.<\/p>\n<p>Ba\u015fkan Ar\u0131kan, imza t\u00f6reninde yapt\u0131\u011f\u0131 a\u00e7\u0131klamada, &#8220;S\u00f6ke\u2019nin ad\u0131n\u0131 sporla duyurmaya devam edece\u011fiz. Voleybol tak\u0131m\u0131m\u0131z\u0131n t\u00fcm bran\u015flarda elde etti\u011fi ba\u015far\u0131lar bizi gururland\u0131r\u0131yor. Gen\u00e7lerimizi ve yerel sporcular\u0131m\u0131z\u0131 desteklemek bizim i\u00e7in b\u00fcy\u00fck bir gurur. Yeni sezonun hay\u0131rl\u0131 olmas\u0131n\u0131 diliyorum&#8221; dedi.<\/p>\n<p>Kul\u00fcp Ba\u015fkan\u0131 Mutlu Y\u0131ld\u0131r\u0131m da verdi\u011fi destekten dolay\u0131 S\u00f6ke Belediyesi\u2019ne ve Ba\u015fkan Ar\u0131kan\u2019a te\u015fekk\u00fcr ederek, &#8220;Ba\u015fkan\u0131m\u0131z ve S\u00f6ke Belediyesi her zaman yan\u0131m\u0131zda oldu ve olmaya da devam ediyor. Yeni sezonda hedeflerimiz hep oldu\u011fu gibi yine ba\u015far\u0131lara imza atmak. S\u00f6kemizi en iyi \u015fekilde temsil etmek&#8221; dedi.<br \/><\/p>\n","protected":false},"excerpt":{"rendered":"<p>Ayd\u0131n\u2019\u0131n S\u00f6ke il\u00e7esinde ba\u015far\u0131lar\u0131yla il\u00e7enin gururu olan tak\u0131m\u0131 \u00f6n\u00fcm\u00fczdeki sezon yine &#8220;S\u00f6ke Belediye Saldos Voleybol Tak\u0131m\u0131&#8221; ad\u0131yla sahalarda olacak. TVF Kad\u0131nlar 2. Ligi\u2019nde de m\u00fccadele eden ve il\u00e7enin gururu olan S\u00f6ke Voleybol Tak\u0131m\u0131, 2025-2026 sezonunda da &#8220;S\u00f6ke Belediyesi&#8221; ad\u0131yla sahaya \u00e7\u0131kacak. Son iki sezondur tak\u0131m\u0131n isim sponsorlu\u011funu \u00fcstlenen S\u00f6ke Belediyesi, bu deste\u011fini yeni sezonda da&#8230;<\/p>\n","protected":false},"author":1,"featured_media":46958,"comment_status":"open","ping_status":"open","sticky":false,"template":"","format":"standard","meta":{"_crdt_document":"","footnotes":""},"categories":[4],"tags":[],"class_list":["post-46957","post","type-post","status-publish","format-standard","has-post-thumbnail","hentry","category-spor"],"_links":{"self":[{"href":"https:\/\/www.egemtv.com\/index.php?rest_route=\/wp\/v2\/posts\/46957","targetHints":{"allow":["GET"]}}],"collection":[{"href":"https:\/\/www.egemtv.com\/index.php?rest_route=\/wp\/v2\/posts"}],"about":[{"href":"https:\/\/www.egemtv.com\/index.php?rest_route=\/wp\/v2\/types\/post"}],"author":[{"embeddable":true,"href":"https:\/\/www.egemtv.com\/index.php?rest_route=\/wp\/v2\/users\/1"}],"replies":[{"embeddable":true,"href":"https:\/\/www.egemtv.com\/index.php?rest_route=%2Fwp%2Fv2%2Fcomments&post=46957"}],"version-history":[{"count":1,"href":"https:\/\/www.egemtv.com\/index.php?rest_route=\/wp\/v2\/posts\/46957\/revisions"}],"predecessor-version":[{"id":46959,"href":"https:\/\/www.egemtv.com\/index.php?rest_route=\/wp\/v2\/posts\/46957\/revisions\/46959"}],"wp:featuredmedia":[{"embeddable":true,"href":"https:\/\/www.egemtv.com\/index.php?rest_route=\/wp\/v2\/media\/46958"}],"wp:attachment":[{"href":"https:\/\/www.egemtv.com\/index.php?rest_route=%2Fwp%2Fv2%2Fmedia&parent=46957"}],"wp:term":[{"taxonomy":"category","embeddable":true,"href":"https:\/\/www.egemtv.com\/index.php?rest_route=%2Fwp%2Fv2%2Fcategories&post=46957"},{"taxonomy":"post_tag","embeddable":true,"href":"https:\/\/www.egemtv.com\/index.php?rest_route=%2Fwp%2Fv2%2Ftags&post=46957"}],"curies":[{"name":"wp","href":"https:\/\/api.w.org\/{rel}","templated":true}]}}