{"id":46954,"date":"2025-08-05T15:14:50","date_gmt":"2025-08-05T12:14:50","guid":{"rendered":"https:\/\/www.egemtv.com\/?p=46954"},"modified":"2025-08-05T15:14:51","modified_gmt":"2025-08-05T12:14:51","slug":"altayda-emre-tangeldi-takima-dondu","status":"publish","type":"post","link":"https:\/\/www.egemtv.com\/?p=46954","title":{"rendered":"Altay\u2019da Emre Tangeldi tak\u0131ma d\u00f6nd\u00fc"},"content":{"rendered":"<p>TFF 3. Lig 4. Grup ekiplerinden Altay\u2019da Emre Tangeldi krizi \u00e7\u00f6z\u00fcme kavu\u015ftu. Yeni sezon \u00f6ncesi mevcut y\u00f6netimle ya\u015fad\u0131\u011f\u0131 anla\u015fmazl\u0131k nedeniyle siyah-beyazl\u0131 kul\u00fcpten ayr\u0131lan gen\u00e7 orta saha oyuncusu, karar\u0131ndan vazge\u00e7erek yuvaya geri d\u00f6nd\u00fc.<br \/>\n<br \/>Altay\u2019da bir\u00e7ok oyuncunun kul\u00fcpten ayr\u0131lmas\u0131 ve ekonomik anlamda ya\u015fanan problemlerden sonra ba\u015flat\u0131lan imza kampanyas\u0131n\u0131n ard\u0131ndan ola\u011fan\u00fcst\u00fc genel kurul karar\u0131 al\u0131n\u0131rken, Ba\u015fkan Y\u00fcksel G\u00fcr\u00fcz de ge\u00e7ti\u011fimiz g\u00fcnlerde g\u00f6revini b\u0131rakt\u0131\u011f\u0131n\u0131 duyurdu. Bu s\u00fcre\u00e7te y\u00f6netimi devralan Sinan Kanl\u0131, 19 ya\u015f\u0131ndaki Emre Tangeldi\u2019yi ikna ederek tak\u0131ma yeniden kazand\u0131rd\u0131.<br \/>\n<br \/>Altay altyap\u0131s\u0131ndan yeti\u015fen ve ge\u00e7en sezon amat\u00f6r lisansla m\u00fccadele eden Emre Tangeldi ile yeni y\u00f6netimin \u00f6n\u00fcm\u00fczdeki g\u00fcnlerde profesyonel s\u00f6zle\u015fme imzalamas\u0131 bekleniyor.<br \/>\n<br \/>Gen\u00e7 oyuncu, ge\u00e7ti\u011fimiz sezon siyah-beyazl\u0131 formayla 27 m\u00fcsabakada bin 793 dakika s\u00fcre ald\u0131.<br \/><\/p>\n","protected":false},"excerpt":{"rendered":"<p>TFF 3. Lig 4. Grup ekiplerinden Altay\u2019da Emre Tangeldi krizi \u00e7\u00f6z\u00fcme kavu\u015ftu. Yeni sezon \u00f6ncesi mevcut y\u00f6netimle ya\u015fad\u0131\u011f\u0131 anla\u015fmazl\u0131k nedeniyle siyah-beyazl\u0131 kul\u00fcpten ayr\u0131lan gen\u00e7 orta saha oyuncusu, karar\u0131ndan vazge\u00e7erek yuvaya geri d\u00f6nd\u00fc. Altay\u2019da bir\u00e7ok oyuncunun kul\u00fcpten ayr\u0131lmas\u0131 ve ekonomik anlamda ya\u015fanan problemlerden sonra ba\u015flat\u0131lan imza kampanyas\u0131n\u0131n ard\u0131ndan ola\u011fan\u00fcst\u00fc genel kurul karar\u0131 al\u0131n\u0131rken, Ba\u015fkan Y\u00fcksel G\u00fcr\u00fcz&#8230;<\/p>\n","protected":false},"author":1,"featured_media":46955,"comment_status":"open","ping_status":"open","sticky":false,"template":"","format":"standard","meta":{"_crdt_document":"","footnotes":""},"categories":[4],"tags":[],"class_list":["post-46954","post","type-post","status-publish","format-standard","has-post-thumbnail","hentry","category-spor"],"_links":{"self":[{"href":"https:\/\/www.egemtv.com\/index.php?rest_route=\/wp\/v2\/posts\/46954","targetHints":{"allow":["GET"]}}],"collection":[{"href":"https:\/\/www.egemtv.com\/index.php?rest_route=\/wp\/v2\/posts"}],"about":[{"href":"https:\/\/www.egemtv.com\/index.php?rest_route=\/wp\/v2\/types\/post"}],"author":[{"embeddable":true,"href":"https:\/\/www.egemtv.com\/index.php?rest_route=\/wp\/v2\/users\/1"}],"replies":[{"embeddable":true,"href":"https:\/\/www.egemtv.com\/index.php?rest_route=%2Fwp%2Fv2%2Fcomments&post=46954"}],"version-history":[{"count":1,"href":"https:\/\/www.egemtv.com\/index.php?rest_route=\/wp\/v2\/posts\/46954\/revisions"}],"predecessor-version":[{"id":46956,"href":"https:\/\/www.egemtv.com\/index.php?rest_route=\/wp\/v2\/posts\/46954\/revisions\/46956"}],"wp:featuredmedia":[{"embeddable":true,"href":"https:\/\/www.egemtv.com\/index.php?rest_route=\/wp\/v2\/media\/46955"}],"wp:attachment":[{"href":"https:\/\/www.egemtv.com\/index.php?rest_route=%2Fwp%2Fv2%2Fmedia&parent=46954"}],"wp:term":[{"taxonomy":"category","embeddable":true,"href":"https:\/\/www.egemtv.com\/index.php?rest_route=%2Fwp%2Fv2%2Fcategories&post=46954"},{"taxonomy":"post_tag","embeddable":true,"href":"https:\/\/www.egemtv.com\/index.php?rest_route=%2Fwp%2Fv2%2Ftags&post=46954"}],"curies":[{"name":"wp","href":"https:\/\/api.w.org\/{rel}","templated":true}]}}