{"id":46951,"date":"2025-08-05T15:14:50","date_gmt":"2025-08-05T12:14:50","guid":{"rendered":"https:\/\/www.egemtv.com\/?p=46951"},"modified":"2025-08-05T15:14:50","modified_gmt":"2025-08-05T12:14:50","slug":"sanayi-sitesinin-sorunlari-diyalogla-asilacak","status":"publish","type":"post","link":"https:\/\/www.egemtv.com\/?p=46951","title":{"rendered":"Sanayi sitesinin sorunlar\u0131 diyalogla a\u015f\u0131lacak"},"content":{"rendered":"<p>Yunusemre Belediyesi, K\u00fc\u00e7\u00fck Sanayi Sitesi esnaflar\u0131n\u0131n ya\u015fad\u0131\u011f\u0131 sorunlar\u0131 \u00e7\u00f6zmek ve taleplerine h\u0131zl\u0131 yan\u0131t vermek amac\u0131yla sanayi sitesinde bir toplant\u0131 ger\u00e7ekle\u015ftirildi. Sanayiyle ilgili s\u0131k\u0131nt\u0131lar\u0131n diyalog yoluyla \u00e7\u00f6z\u00fcme kavu\u015fturulaca\u011f\u0131 a\u00e7\u0131kland\u0131.<br \/>\n<br \/>Yunusemre Belediyesi, K\u00fc\u00e7\u00fck Sanayi Sitesi esnaf\u0131n\u0131n sorunlar\u0131n\u0131 dinlemek ve \u00e7\u00f6z\u00fcm \u00fcretmek amac\u0131yla toplant\u0131 d\u00fczenledi. Toplant\u0131ya Yunusemre Belediye Ba\u015fkan Yard\u0131mc\u0131lar\u0131 Hakan G\u00fcrtunca ve Mehmet Mesut Do\u011fan\u2019\u0131n yan\u0131 s\u0131ra Temizlik \u0130\u015fleri M\u00fcd\u00fcr\u00fc Mu\u011fdat G\u00fcndo\u011fdu ile Zab\u0131ta M\u00fcd\u00fcr\u00fc T\u00fcrker Aybey kat\u0131ld\u0131.<br \/>\n<br \/>Kar\u015f\u0131l\u0131kl\u0131 fikir al\u0131\u015fveri\u015finde bulunulan toplant\u0131da, esnaf\u0131n sorunlar\u0131 dinlenerek \u00e7\u00f6z\u00fcm \u00f6nerileri masaya yat\u0131r\u0131ld\u0131. Toplant\u0131n\u0131n sonunda konu\u015fan Manisa Motorlu Ara\u00e7lar Tamircileri Esnaf ve Sanatkarlar Odas\u0131 Ba\u015fkan\u0131 Ahmet \u00dclke, &#8220;Ger\u00e7ekten \u00f6zlemini duydu\u011fumuz g\u00fczel bir toplant\u0131 oldu. Ye\u015fil alanlar\u0131n, hurda ara\u00e7lar\u0131n ve otoparklar\u0131n temizlenmesi amac\u0131yla 10 g\u00fcn i\u00e7erisinde b\u00fcy\u00fck\u015fehir ve il\u00e7e belediyeleriyle yeniden bir araya gelerek sorunlar\u0131 ele alaca\u011f\u0131z. Sanayiyle ilgili s\u0131k\u0131nt\u0131lar\u0131m\u0131z\u0131 diyalog yoluyla \u00e7\u00f6z\u00fcme kavu\u015fturaca\u011f\u0131z&#8221; dedi.<br \/>\n<br \/>Toplant\u0131ya Yunusemre Belediye Ba\u015fkan\u0131 Semih Balaban\u2019\u0131n selamlar\u0131n\u0131 ileterek ba\u015flayan Belediye Ba\u015fkan Yard\u0131mc\u0131s\u0131 Hakan G\u00fcrtunca ise, &#8220;Sorunlar\u0131n \u00e7\u00f6z\u00fcm\u00fc konusunda Manisa B\u00fcy\u00fck\u015fehir Belediyesi ve belediyemiz \u00f6nc\u00fcl\u00fc\u011f\u00fcnde, ilgili birimlerimiz ve esnaf\u0131m\u0131zla el birli\u011fi i\u00e7inde h\u0131zl\u0131 bir \u015fekilde \u00e7al\u0131\u015faca\u011f\u0131z. Ayr\u0131ca esnaf\u0131m\u0131zla beraber el ele vererek sahada aktif olarak yer alaca\u011f\u0131z.&#8221; ifadelerini kulland\u0131.<br \/>\n<br \/>Ba\u015fkan Yard\u0131mc\u0131s\u0131 Mehmet Mesut Do\u011fan da, s\u00fcrecin ilgili kurumlarla yap\u0131lacak isti\u015fareler sonucunda \u00e7\u00f6z\u00fcme kavu\u015fturulaca\u011f\u0131n\u0131 belirtti.<br \/><\/p>\n","protected":false},"excerpt":{"rendered":"<p>Yunusemre Belediyesi, K\u00fc\u00e7\u00fck Sanayi Sitesi esnaflar\u0131n\u0131n ya\u015fad\u0131\u011f\u0131 sorunlar\u0131 \u00e7\u00f6zmek ve taleplerine h\u0131zl\u0131 yan\u0131t vermek amac\u0131yla sanayi sitesinde bir toplant\u0131 ger\u00e7ekle\u015ftirildi. Sanayiyle ilgili s\u0131k\u0131nt\u0131lar\u0131n diyalog yoluyla \u00e7\u00f6z\u00fcme kavu\u015fturulaca\u011f\u0131 a\u00e7\u0131kland\u0131. Yunusemre Belediyesi, K\u00fc\u00e7\u00fck Sanayi Sitesi esnaf\u0131n\u0131n sorunlar\u0131n\u0131 dinlemek ve \u00e7\u00f6z\u00fcm \u00fcretmek amac\u0131yla toplant\u0131 d\u00fczenledi. Toplant\u0131ya Yunusemre Belediye Ba\u015fkan Yard\u0131mc\u0131lar\u0131 Hakan G\u00fcrtunca ve Mehmet Mesut Do\u011fan\u2019\u0131n yan\u0131 s\u0131ra&#8230;<\/p>\n","protected":false},"author":1,"featured_media":46952,"comment_status":"open","ping_status":"open","sticky":false,"template":"","format":"standard","meta":{"_crdt_document":"","footnotes":""},"categories":[127],"tags":[],"class_list":["post-46951","post","type-post","status-publish","format-standard","has-post-thumbnail","hentry","category-siyaset"],"_links":{"self":[{"href":"https:\/\/www.egemtv.com\/index.php?rest_route=\/wp\/v2\/posts\/46951","targetHints":{"allow":["GET"]}}],"collection":[{"href":"https:\/\/www.egemtv.com\/index.php?rest_route=\/wp\/v2\/posts"}],"about":[{"href":"https:\/\/www.egemtv.com\/index.php?rest_route=\/wp\/v2\/types\/post"}],"author":[{"embeddable":true,"href":"https:\/\/www.egemtv.com\/index.php?rest_route=\/wp\/v2\/users\/1"}],"replies":[{"embeddable":true,"href":"https:\/\/www.egemtv.com\/index.php?rest_route=%2Fwp%2Fv2%2Fcomments&post=46951"}],"version-history":[{"count":1,"href":"https:\/\/www.egemtv.com\/index.php?rest_route=\/wp\/v2\/posts\/46951\/revisions"}],"predecessor-version":[{"id":46953,"href":"https:\/\/www.egemtv.com\/index.php?rest_route=\/wp\/v2\/posts\/46951\/revisions\/46953"}],"wp:featuredmedia":[{"embeddable":true,"href":"https:\/\/www.egemtv.com\/index.php?rest_route=\/wp\/v2\/media\/46952"}],"wp:attachment":[{"href":"https:\/\/www.egemtv.com\/index.php?rest_route=%2Fwp%2Fv2%2Fmedia&parent=46951"}],"wp:term":[{"taxonomy":"category","embeddable":true,"href":"https:\/\/www.egemtv.com\/index.php?rest_route=%2Fwp%2Fv2%2Fcategories&post=46951"},{"taxonomy":"post_tag","embeddable":true,"href":"https:\/\/www.egemtv.com\/index.php?rest_route=%2Fwp%2Fv2%2Ftags&post=46951"}],"curies":[{"name":"wp","href":"https:\/\/api.w.org\/{rel}","templated":true}]}}