{"id":46948,"date":"2025-08-05T14:55:46","date_gmt":"2025-08-05T11:55:46","guid":{"rendered":"https:\/\/www.egemtv.com\/?p=46948"},"modified":"2025-08-05T14:55:47","modified_gmt":"2025-08-05T11:55:47","slug":"izmirin-icme-suyu-musluk-yerine-sokaklara-akiyor","status":"publish","type":"post","link":"https:\/\/www.egemtv.com\/?p=46948","title":{"rendered":"\u0130zmir\u2019in i\u00e7me suyu, musluk yerine sokaklara ak\u0131yor"},"content":{"rendered":"<p>Yar\u0131n geceden itibaren kural\u0131k nedeniyle zorunlu su kesintilerinin ya\u015fanaca\u011f\u0131 \u0130zmir\u2019de, su borular\u0131ndaki ka\u00e7aklar nedeniyle baz\u0131 sokaklar adeta g\u00f6le d\u00f6nd\u00fc. Vatanda\u015flar bu duruma tepki g\u00f6stererek, &#8220;Hem su yok diyorlar hem de g\u00fcnlerdir bo\u015fa akan sular\u0131 tamir etmiyorlar&#8221; ifadelerini kulland\u0131.<br \/>\n<br \/>Kurakl\u0131\u011f\u0131n etkisini art\u0131rd\u0131\u011f\u0131 \u0130zmir\u2019de su krizi b\u00fcy\u00fcyerek devam ediyor. \u0130lk olarak \u00c7e\u015fme il\u00e7esinde ba\u015flayan su kesintileri, t\u00fcm kenti etkisi alt\u0131na almaya devam ediyor. \u0130ZSU Genel M\u00fcd\u00fcrl\u00fc\u011f\u00fc b\u00fcnyesinde olu\u015fturulan Su Kurulu da ge\u00e7ti\u011fimiz g\u00fcnlerde a\u00e7\u0131klama yaparak azalan su kaynaklar\u0131 ve s\u00fcregelen kurakl\u0131k nedeniyle 6 A\u011fustos 2025 tarihinden (yar\u0131n) itibaren her gece saat 23.00 ile sabah 05.00 aras\u0131nda \u0130zmir genelinde k\u0131smi su kesintileri uygulanaca\u011f\u0131n\u0131 duyurdu. Al\u0131nan kararla birlikte vatanda\u015flar tedirginlik ya\u015farken, kentin baz\u0131 b\u00f6lgelerinde ya\u015fanan su israf\u0131 tepkilere yol a\u00e7t\u0131. \u00d6zellikle su borular\u0131nda meydana gelen ar\u0131zalar nedeniyle bir\u00e7ok sokak ve mahallede suyun bo\u015fa akt\u0131\u011f\u0131, baz\u0131 yerlerin adeta g\u00f6le d\u00f6nd\u00fc\u011f\u00fc g\u00f6r\u00fcld\u00fc. Duruma tepki g\u00f6steren vatanda\u015flar, &#8220;Susuzluk var deniyor ama g\u00fcnlerdir patlayan borular tamir edilmiyor&#8221; diyerek yetkilileri g\u00f6reve \u00e7a\u011f\u0131rd\u0131.<\/p>\n<p>&#8220;3 g\u00fcnd\u00fcr su bo\u015fa ak\u0131yor&#8221;<br \/>\n<br \/>\u00dc\u00e7 g\u00fcnd\u00fcr mahalledeki boru patla\u011f\u0131 y\u00fcz\u00fcnden sular\u0131n bo\u015fa akt\u0131\u011f\u0131n\u0131 ifade eden emekli vatanda\u015f Ali Y\u0131ld\u0131z, &#8220;Belediyeyi ar\u0131yoruz telefonlara hi\u00e7 kimse cevap vermiyor. A\u00e7an da y\u00fcz\u00fcme telefonu kapat\u0131yor. Adamlar hi\u00e7 oral\u0131 bile olmuyor. \u015eu suya bak. Maa\u015flar\u0131n\u0131 m\u0131 alam\u0131yorlar da acaba bu i\u015fe gelmiyorlar? Susuzluk yok deniliyor ama durum b\u00f6yle. B\u00f6yle bo\u015fa akan su olursa susuzluk olur. Bir bardak suya hasret olanlar var. Ama \u015fu suyu ak\u0131\u015f\u0131n\u0131 hi\u00e7 g\u00f6ren yok. Yaz\u0131k g\u00fcnah. Bu do\u011falgaz \u00e7al\u0131\u015fmalar\u0131 ba\u015flad\u0131. Su kesintisi ve su ar\u0131zas\u0131 devaml\u0131 oluyor. G\u00fcnlerdir bu yol kapal\u0131. Bo\u015fa giden suyun k\u0131ymetini bilen yok. \u015eu su 3 g\u00fcnd\u00fcr ak\u0131yor. Bir mahalleye yetecek su ak\u0131yor \u015furada. \u0130ki tane araba \u00e7ukura batt\u0131 burada. D\u00fcn neredeyse y\u00fckl\u00fc araba devriliyordu. Hi\u00e7bir Allah\u2019\u0131n kulu gelip de onarmaya \u00e7al\u0131\u015fm\u0131yor&#8221; diye konu\u015ftu.<\/p>\n<p>&#8220;\u0130lgilenen kimse yok&#8221;<br \/>\n<br \/>Yetkililerin ilgilenmedi\u011fini dile getiren tekstil i\u015f\u00e7isi Cafer \u00d6nder, &#8220;\u00dc\u00e7 g\u00fcnden beri b\u00f6yle su bo\u015fa ak\u0131yor. Kim bilir ne kadar fatura gelecek insanlara. \u00c7\u00f6p sorunumuz var. Bu mahalleyi yok say\u0131yorlar. Nas\u0131l olacak bu bilmiyorum. \u015eu do\u011falgaz \u00e7al\u0131\u015fmalar\u0131n\u0131 yapt\u0131lar ve daha sonra borular patlad\u0131. Ne gelen var ne giden var. \u0130hbar ediyoruz, s\u00f6yl\u00fcyoruz, ar\u0131yoruz ama hi\u00e7 kimse hi\u00e7bir \u015fekilde ilgilenmiyor. Suyu kesiyorlar.<br \/>\n<br \/>Ama gel gelelim buna hi\u00e7bir \u015fekilde \u00e7\u00f6z\u00fcm bulunmuyor. Yani akan suya engel olan yok. Bir yetkilinin bu sorunu \u00e7\u00f6zmesi laz\u0131m. Biz yetkilileri ar\u0131yoruz ama hi\u00e7bir \u015fekilde bize d\u00f6n\u00fc\u015f olmuyor. Hatta d\u00fcn ben arad\u0131\u011f\u0131mda \u2018akan su faturalara yans\u0131mayacak\u2019 dendi. \u00dcstten bir konu\u015fma \u015fekli vard\u0131. Bu beni \u00e7ok rahats\u0131z etti.  Ama buna bir ger\u00e7ekten bir \u00e7\u00f6z\u00fcm bulunmas\u0131 laz\u0131m. D\u00fcn \u00fc\u00e7 tane araba girdi buraya. \u00c7ekiciyi \u00e7a\u011f\u0131r\u0131p mecburen adamlar ekstra para verip arabalar\u0131n\u0131 \u00e7\u0131kard\u0131lar. Yaz\u0131k g\u00fcnah. Su hayatt\u0131r diye bo\u015funa demiyorlar. Ama durum ortada g\u00f6r\u00fcyorsunuz&#8221; dedi.<br \/>\n<br \/>Susuzluk olmas\u0131na ra\u011fmen bo\u015fa akan sulardan dolay\u0131 belediyeye tepki g\u00f6steren \u0130dris Bak\u0131r, s\u00f6zlerini \u015f\u00f6yle s\u00fcrd\u00fcrd\u00fc: &#8220;4 g\u00fcnd\u00fcr, 5 g\u00fcnd\u00fcr ar\u0131yoruz kimse cevap vermiyor. Ula\u015ft\u0131\u011f\u0131m\u0131z ki\u015filer yapaca\u011f\u0131z diyor geriye d\u00f6nen olmuyor. Bir de susuzluk \u00e7ekiyoruz. B\u00f6yle belediyecilik olmaz olsun. Halk\u0131n suyunu bo\u015fa ak\u0131t\u0131yorsunuz. Ondan sonra faturalara yans\u0131t\u0131yorsunuz.&#8221;<br \/><\/p>\n","protected":false},"excerpt":{"rendered":"<p>Yar\u0131n geceden itibaren kural\u0131k nedeniyle zorunlu su kesintilerinin ya\u015fanaca\u011f\u0131 \u0130zmir\u2019de, su borular\u0131ndaki ka\u00e7aklar nedeniyle baz\u0131 sokaklar adeta g\u00f6le d\u00f6nd\u00fc. Vatanda\u015flar bu duruma tepki g\u00f6stererek, &#8220;Hem su yok diyorlar hem de g\u00fcnlerdir bo\u015fa akan sular\u0131 tamir etmiyorlar&#8221; ifadelerini kulland\u0131. Kurakl\u0131\u011f\u0131n etkisini art\u0131rd\u0131\u011f\u0131 \u0130zmir\u2019de su krizi b\u00fcy\u00fcyerek devam ediyor. \u0130lk olarak \u00c7e\u015fme il\u00e7esinde ba\u015flayan su kesintileri, t\u00fcm&#8230;<\/p>\n","protected":false},"author":1,"featured_media":46949,"comment_status":"open","ping_status":"open","sticky":false,"template":"","format":"standard","meta":{"_crdt_document":"","footnotes":""},"categories":[1],"tags":[],"class_list":["post-46948","post","type-post","status-publish","format-standard","has-post-thumbnail","hentry","category-guncel"],"_links":{"self":[{"href":"https:\/\/www.egemtv.com\/index.php?rest_route=\/wp\/v2\/posts\/46948","targetHints":{"allow":["GET"]}}],"collection":[{"href":"https:\/\/www.egemtv.com\/index.php?rest_route=\/wp\/v2\/posts"}],"about":[{"href":"https:\/\/www.egemtv.com\/index.php?rest_route=\/wp\/v2\/types\/post"}],"author":[{"embeddable":true,"href":"https:\/\/www.egemtv.com\/index.php?rest_route=\/wp\/v2\/users\/1"}],"replies":[{"embeddable":true,"href":"https:\/\/www.egemtv.com\/index.php?rest_route=%2Fwp%2Fv2%2Fcomments&post=46948"}],"version-history":[{"count":1,"href":"https:\/\/www.egemtv.com\/index.php?rest_route=\/wp\/v2\/posts\/46948\/revisions"}],"predecessor-version":[{"id":46950,"href":"https:\/\/www.egemtv.com\/index.php?rest_route=\/wp\/v2\/posts\/46948\/revisions\/46950"}],"wp:featuredmedia":[{"embeddable":true,"href":"https:\/\/www.egemtv.com\/index.php?rest_route=\/wp\/v2\/media\/46949"}],"wp:attachment":[{"href":"https:\/\/www.egemtv.com\/index.php?rest_route=%2Fwp%2Fv2%2Fmedia&parent=46948"}],"wp:term":[{"taxonomy":"category","embeddable":true,"href":"https:\/\/www.egemtv.com\/index.php?rest_route=%2Fwp%2Fv2%2Fcategories&post=46948"},{"taxonomy":"post_tag","embeddable":true,"href":"https:\/\/www.egemtv.com\/index.php?rest_route=%2Fwp%2Fv2%2Ftags&post=46948"}],"curies":[{"name":"wp","href":"https:\/\/api.w.org\/{rel}","templated":true}]}}