{"id":46945,"date":"2025-08-05T14:55:45","date_gmt":"2025-08-05T11:55:45","guid":{"rendered":"https:\/\/www.egemtv.com\/?p=46945"},"modified":"2025-08-05T14:55:46","modified_gmt":"2025-08-05T11:55:46","slug":"ekiplerin-canhiras-mucadelesi-takdir-topladi","status":"publish","type":"post","link":"https:\/\/www.egemtv.com\/?p=46945","title":{"rendered":"Ekiplerin canh\u0131ra\u015f m\u00fccadelesi takdir toplad\u0131"},"content":{"rendered":"<p>Manisa\u2019n\u0131n Ala\u015fehir il\u00e7esinde su aray\u0131\u015f\u0131na \u00e7\u0131kan iki kat\u0131r\u0131 sapland\u0131klar\u0131 batakl\u0131ktan kurtaran ekiplerin canh\u0131ra\u015f m\u00fccadelesinin g\u00f6r\u00fcnt\u00fcleri ortaya \u00e7\u0131kt\u0131. Ekiplerin kat\u0131rlar\u0131 kurtarmak i\u00e7in yapt\u0131klar\u0131 \u00f6zverili \u00e7al\u0131\u015fma ve batakl\u0131\u011fa bata \u00e7\u0131ka girmeleri takdir toplad\u0131.<br \/>\n<br \/>Edinilen bilgiye g\u00f6re, Ala\u015fehir\u2019e ba\u011fl\u0131 Av\u015far Mahallesi yak\u0131nlar\u0131ndaki Av\u015far Baraj\u0131 \u00e7evresine su i\u00e7meye giden iki kat\u0131r, baraj kenar\u0131ndaki batakl\u0131\u011fa sapland\u0131. Kat\u0131rlar\u0131n\u0131n batt\u0131\u011f\u0131n\u0131 fark eden Mehmet Y\u00f6ntem, hayvanlar\u0131n\u0131 kurtarmaya \u00e7al\u0131\u015f\u0131rken kendisi de batakl\u0131\u011fa sapland\u0131. Beline kadar \u00e7amura g\u00f6m\u00fclen Y\u00f6ntem\u2019in yard\u0131m \u00e7\u0131\u011fl\u0131klar\u0131n\u0131 duyan \u00e7evredeki vatanda\u015flar durumu jandarma, sa\u011fl\u0131k ve itfaiye ekiplerine bildirdi.<br \/>\n<br \/>\u0130hbar \u00fczerine k\u0131sa s\u00fcrede olay yerine ula\u015fan ekipler, yapt\u0131klar\u0131 koordineli \u00e7al\u0131\u015fma sonucunda Mehmet Y\u00f6ntem\u2019i ve iki kat\u0131r\u0131 sa\u011f salim batakl\u0131ktan \u00e7\u0131kard\u0131. Ekiplerin m\u00fccadelesi cep telefonu kameras\u0131 ile kay\u0131t alt\u0131na al\u0131n\u0131rken, sa\u011fl\u0131k ekipleri, olay sonras\u0131 kontrol ama\u00e7l\u0131 Mehmet Y\u00f6ntem\u2019e m\u00fcdahalede bulundu.<br \/><\/p>\n","protected":false},"excerpt":{"rendered":"<p>Manisa\u2019n\u0131n Ala\u015fehir il\u00e7esinde su aray\u0131\u015f\u0131na \u00e7\u0131kan iki kat\u0131r\u0131 sapland\u0131klar\u0131 batakl\u0131ktan kurtaran ekiplerin canh\u0131ra\u015f m\u00fccadelesinin g\u00f6r\u00fcnt\u00fcleri ortaya \u00e7\u0131kt\u0131. Ekiplerin kat\u0131rlar\u0131 kurtarmak i\u00e7in yapt\u0131klar\u0131 \u00f6zverili \u00e7al\u0131\u015fma ve batakl\u0131\u011fa bata \u00e7\u0131ka girmeleri takdir toplad\u0131. Edinilen bilgiye g\u00f6re, Ala\u015fehir\u2019e ba\u011fl\u0131 Av\u015far Mahallesi yak\u0131nlar\u0131ndaki Av\u015far Baraj\u0131 \u00e7evresine su i\u00e7meye giden iki kat\u0131r, baraj kenar\u0131ndaki batakl\u0131\u011fa sapland\u0131. Kat\u0131rlar\u0131n\u0131n batt\u0131\u011f\u0131n\u0131 fark eden&#8230;<\/p>\n","protected":false},"author":1,"featured_media":46946,"comment_status":"open","ping_status":"open","sticky":false,"template":"","format":"standard","meta":{"_crdt_document":"","footnotes":""},"categories":[5],"tags":[],"class_list":["post-46945","post","type-post","status-publish","format-standard","has-post-thumbnail","hentry","category-asayis"],"_links":{"self":[{"href":"https:\/\/www.egemtv.com\/index.php?rest_route=\/wp\/v2\/posts\/46945","targetHints":{"allow":["GET"]}}],"collection":[{"href":"https:\/\/www.egemtv.com\/index.php?rest_route=\/wp\/v2\/posts"}],"about":[{"href":"https:\/\/www.egemtv.com\/index.php?rest_route=\/wp\/v2\/types\/post"}],"author":[{"embeddable":true,"href":"https:\/\/www.egemtv.com\/index.php?rest_route=\/wp\/v2\/users\/1"}],"replies":[{"embeddable":true,"href":"https:\/\/www.egemtv.com\/index.php?rest_route=%2Fwp%2Fv2%2Fcomments&post=46945"}],"version-history":[{"count":1,"href":"https:\/\/www.egemtv.com\/index.php?rest_route=\/wp\/v2\/posts\/46945\/revisions"}],"predecessor-version":[{"id":46947,"href":"https:\/\/www.egemtv.com\/index.php?rest_route=\/wp\/v2\/posts\/46945\/revisions\/46947"}],"wp:featuredmedia":[{"embeddable":true,"href":"https:\/\/www.egemtv.com\/index.php?rest_route=\/wp\/v2\/media\/46946"}],"wp:attachment":[{"href":"https:\/\/www.egemtv.com\/index.php?rest_route=%2Fwp%2Fv2%2Fmedia&parent=46945"}],"wp:term":[{"taxonomy":"category","embeddable":true,"href":"https:\/\/www.egemtv.com\/index.php?rest_route=%2Fwp%2Fv2%2Fcategories&post=46945"},{"taxonomy":"post_tag","embeddable":true,"href":"https:\/\/www.egemtv.com\/index.php?rest_route=%2Fwp%2Fv2%2Ftags&post=46945"}],"curies":[{"name":"wp","href":"https:\/\/api.w.org\/{rel}","templated":true}]}}