{"id":46942,"date":"2025-08-05T14:55:44","date_gmt":"2025-08-05T11:55:44","guid":{"rendered":"https:\/\/www.egemtv.com\/?p=46942"},"modified":"2025-08-05T14:55:45","modified_gmt":"2025-08-05T11:55:45","slug":"aydinda-ciftcilerin-su-eylemi","status":"publish","type":"post","link":"https:\/\/www.egemtv.com\/?p=46942","title":{"rendered":"Ayd\u0131n\u2019da \u00e7ift\u00e7ilerin su eylemi"},"content":{"rendered":"<p>Kurakl\u0131\u011f\u0131n etkisini her ge\u00e7en g\u00fcn hissettirdi\u011fi Ayd\u0131n\u2019da \u00e7ift\u00e7iler su eylemine ba\u015flad\u0131. Menderes Nehri\u2019nden akan suyun kendilerine kulland\u0131r\u0131lmad\u0131\u011f\u0131n\u0131 belirten \u00e7ift\u00e7iler, Ayd\u0131n Milletvekillerine &#8220;Adaletli olun&#8221; \u00e7a\u011fr\u0131s\u0131nda bulundular.<br \/>\n<br \/>B\u00fcy\u00fck Menderes Nehri Havza yata\u011f\u0131nda tar\u0131m yapan Ayd\u0131n Efelerdeki \u00e7ift\u00e7iler bug\u00fcn \u00f6\u011flen saatlerinde Devlet Su \u0130\u015fleri\u2019nin Ayd\u0131n Ovas\u0131 Sulamas\u0131 \u0130\u015fletme ve Bak\u0131m Ba\u015fm\u00fchendisli\u011fi yan\u0131nda bulunan reg\u00fclat\u00f6r \u00f6n\u00fcnde toplan\u0131p yetkililerden su istediler. Su da\u011f\u0131t\u0131m\u0131nda adaletsizlik yap\u0131ld\u0131\u011f\u0131n\u0131 ileri s\u00fcren \u00e7ift\u00e7iler Ayd\u0131n\u2019daki siyaset\u00e7ilerin S\u00f6ke \u00e7ift\u00e7isini kay\u0131rd\u0131\u011f\u0131n\u0131 iddia ederek adalet istediler.<br \/>\n<br \/>\u00d6\u011flen saatlerinde Ayd\u0131n Ovas\u0131\u2019na su sal\u0131nan Baltak\u00f6y Reg\u00fclat\u00f6r\u00fc \u00f6n\u00fcnde toplanan \u00e7ift\u00e7ilerin eylemine kar\u015f\u0131 jandarma ekipleri g\u00fcvenlik \u00f6nlemi ald\u0131. Ayd\u0131n Ziraat Odas\u0131 Ba\u015fkan\u0131 Mehmet Kendirlio\u011flu\u2019nu da \u00e7ift\u00e7inin hakk\u0131n\u0131 savunmamakla su\u00e7layan \u00e7ift\u00e7iler, tarlalar\u0131n aras\u0131ndan ak\u0131p giden Menderes Nehri\u2019ndeki sudan g\u00fcnlerdir alamad\u0131klar\u0131n\u0131 belirttiler.  Ayd\u0131n siyasetinde S\u00f6ke\u2019nin daha etkin oldu\u011fu i\u00e7in Ayd\u0131n Efeler\u2019deki \u00e7ift\u00e7inin ezildi\u011fini iddia eden \u00e7ift\u00e7iler S\u00f6ke Ovas\u0131 i\u00e7in verilen 5 g\u00fcnl\u00fck s\u00fcrenin dolmas\u0131na ra\u011fmen halen Ayd\u0131n Ovas\u0131\u2019na su sal\u0131nmad\u0131\u011f\u0131n\u0131 ve \u00fcr\u00fcnlerin yanmak \u00fczere oldu\u011funu belirttiler.<br \/>\n<br \/>Bir zamanlar ta\u015fk\u0131n sorunu ile m\u00fccadele edilen Bat\u0131 Anadolu\u2019nun en b\u00fcy\u00fck nehri olan 548 km uzunlu\u011fundaki Menderes Havzas\u0131\u2019na hayat veren B\u00fcy\u00fck Menderes Nehri, kurakl\u0131k nedeniyle debisini kaybedince Ayd\u0131n\u2019\u0131n en b\u00fcy\u00fck sorunu susuzluk oldu. Ayd\u0131n Ovas\u0131\u2019n\u0131n Do\u011fu k\u0131sm\u0131nda kalan \u00fcreticiler nehirden ihtiyac\u0131 olan suyu al\u0131nca ilin Bat\u0131 k\u0131sm\u0131nda kalan S\u00f6ke Ovas\u0131\u2019ndaki \u00e7ift\u00e7iler susuzluktan dert yan\u0131yor. Su S\u00f6ke Ovas\u0131\u2019na sal\u0131n\u0131nca  bu defa Do\u011fu b\u00f6lgesindeki \u00e7ift\u00e7iler susuzluktan dert yan\u0131yor. Devlet Su \u0130\u015fleri M\u00fcd\u00fcrl\u00fc\u011f\u00fc\u2019n\u00fcn  su planlamas\u0131n\u0131 ak\u0131lc\u0131 ve adilane yapmas\u0131n\u0131 isteyen \u00e7ift\u00e7iler i\u015fe siyaset girince \u00e7ift\u00e7ilerin ma\u011fduriyet ya\u015fad\u0131\u011f\u0131n\u0131 ileri s\u00fcrd\u00fcler.<br \/>\n<br \/>Debisi 110 m3\u2019e kadar ula\u015fan ve yakla\u015f\u0131k 25 bin kilometre havzas\u0131 bulunan B\u00fcy\u00fck Menderes Nehri\u2019nde su planlamas\u0131n\u0131n adilane bir \u015fekilde yap\u0131lmas\u0131n\u0131 isteyen Ayd\u0131nl\u0131 \u00e7ift\u00e7iler ad\u0131na konu\u015fan Murat K\u00fc\u00e7\u00fckg\u00fcldal, Mutlu Tuna ve \u015eevki \u00c7\u0131b\u0131k &#8220;Devlet Su \u0130\u015fleri M\u00fcd\u00fcrl\u00fc\u011f\u00fc\u2019n\u00fcn bize yard\u0131mc\u0131 olmas\u0131n\u0131 istiyoruz. Bu su bitiyor. Bu kapaklar\u0131n bug\u00fcn a\u00e7\u0131l\u0131p Ayd\u0131n Ovas\u0131\u2019na su verilmesini istiyoruz. Biz bu y\u0131l yakla\u015f\u0131k 30 g\u00fcn su ald\u0131k. Hen\u00fcz \u00fcr\u00fcn\u00fcn\u00fc 2. suyu vermeyen arkada\u015flar\u0131m\u0131z var. Bizim bu durumumuzu isterlerse S\u00f6ke\u2019deki \u00e7ift\u00e7iler de g\u00f6rebilir. \u015eu an bu suyun kapat\u0131l\u0131p Ayd\u0131n\u2019daki beton kanallara verilmesi gerek. Bu su barajlardan gelen su de\u011fil. Ya\u011fan ya\u011fmurlar\u0131n suyu. Yar\u0131n bu su kalmayacak ve bu kadar \u00e7ift\u00e7i ma\u011fdur olacak. Biz yetkililerden t\u00fcm suyu istemiyoruz. Suyun 2 kapa\u011f\u0131 Ayd\u0131n Ovas\u0131\u2019na verilsin. Geri kalan 2 kapa\u011f\u0131 ise S\u00f6ke\u2019ye g\u00f6nderilsin&#8221; diyerek yetkililerden yard\u0131m istediler.<br \/>\n<br \/>&#8220;E\u015fit bir \u015fekilde bu suyu payla\u015fal\u0131m&#8221;<br \/>\n<br \/>S\u00f6ke \u00e7ift\u00e7isinin 5 g\u00fcnl\u00fck su talebi oldu\u011funu ve bu taleplerinin yerine getirildi\u011fini kaydeden \u00e7ift\u00e7ilerden Mustafa \u00d6ner, &#8220;S\u00f6ke Ovas\u0131 i\u00e7in verilen 5 g\u00fcnl\u00fck su sal\u0131m s\u00fcresi tamamland\u0131. Bug\u00fcn 6. g\u00fcn. Maalesef milletvekillerimiz Ayd\u0131n \u00e7ift\u00e7isinin talebini duymuyor g\u00f6rmezden geliyor. Sadece oy zaman\u0131 gelip oy istiyorlar. Bizimle kimse ilgilenmiyor. Biz demiyoruz bu suyu biz alal\u0131m S\u00f6ke almas\u0131n. Suyun \u00e7o\u011funlu\u011fu yine S\u00f6ke\u2019ye sal\u0131nabilir ama bize de burada su verilsin. Bizim kanallar\u0131m\u0131z kapal\u0131 ve suyun hepsi S\u00f6ke\u2019ye akar durumda. Bize S\u00f6ke\u2019de hi\u00e7 sulanmayan araziler var 4-5 g\u00fcn bekleyin dediler. Biz bekledik. Bug\u00fcn 6. G\u00fcn halen daha bize su verilmiyor.&#8221; Diyerek ma\u011fduriyetlerinin giderilmesini ve suyun adil da\u011f\u0131t\u0131lmas\u0131n\u0131 istediler.<br \/><\/p>\n","protected":false},"excerpt":{"rendered":"<p>Kurakl\u0131\u011f\u0131n etkisini her ge\u00e7en g\u00fcn hissettirdi\u011fi Ayd\u0131n\u2019da \u00e7ift\u00e7iler su eylemine ba\u015flad\u0131. Menderes Nehri\u2019nden akan suyun kendilerine kulland\u0131r\u0131lmad\u0131\u011f\u0131n\u0131 belirten \u00e7ift\u00e7iler, Ayd\u0131n Milletvekillerine &#8220;Adaletli olun&#8221; \u00e7a\u011fr\u0131s\u0131nda bulundular. B\u00fcy\u00fck Menderes Nehri Havza yata\u011f\u0131nda tar\u0131m yapan Ayd\u0131n Efelerdeki \u00e7ift\u00e7iler bug\u00fcn \u00f6\u011flen saatlerinde Devlet Su \u0130\u015fleri\u2019nin Ayd\u0131n Ovas\u0131 Sulamas\u0131 \u0130\u015fletme ve Bak\u0131m Ba\u015fm\u00fchendisli\u011fi yan\u0131nda bulunan reg\u00fclat\u00f6r \u00f6n\u00fcnde toplan\u0131p yetkililerden su&#8230;<\/p>\n","protected":false},"author":1,"featured_media":46943,"comment_status":"open","ping_status":"open","sticky":false,"template":"","format":"standard","meta":{"_crdt_document":"","footnotes":""},"categories":[5],"tags":[],"class_list":["post-46942","post","type-post","status-publish","format-standard","has-post-thumbnail","hentry","category-asayis"],"_links":{"self":[{"href":"https:\/\/www.egemtv.com\/index.php?rest_route=\/wp\/v2\/posts\/46942","targetHints":{"allow":["GET"]}}],"collection":[{"href":"https:\/\/www.egemtv.com\/index.php?rest_route=\/wp\/v2\/posts"}],"about":[{"href":"https:\/\/www.egemtv.com\/index.php?rest_route=\/wp\/v2\/types\/post"}],"author":[{"embeddable":true,"href":"https:\/\/www.egemtv.com\/index.php?rest_route=\/wp\/v2\/users\/1"}],"replies":[{"embeddable":true,"href":"https:\/\/www.egemtv.com\/index.php?rest_route=%2Fwp%2Fv2%2Fcomments&post=46942"}],"version-history":[{"count":1,"href":"https:\/\/www.egemtv.com\/index.php?rest_route=\/wp\/v2\/posts\/46942\/revisions"}],"predecessor-version":[{"id":46944,"href":"https:\/\/www.egemtv.com\/index.php?rest_route=\/wp\/v2\/posts\/46942\/revisions\/46944"}],"wp:featuredmedia":[{"embeddable":true,"href":"https:\/\/www.egemtv.com\/index.php?rest_route=\/wp\/v2\/media\/46943"}],"wp:attachment":[{"href":"https:\/\/www.egemtv.com\/index.php?rest_route=%2Fwp%2Fv2%2Fmedia&parent=46942"}],"wp:term":[{"taxonomy":"category","embeddable":true,"href":"https:\/\/www.egemtv.com\/index.php?rest_route=%2Fwp%2Fv2%2Fcategories&post=46942"},{"taxonomy":"post_tag","embeddable":true,"href":"https:\/\/www.egemtv.com\/index.php?rest_route=%2Fwp%2Fv2%2Ftags&post=46942"}],"curies":[{"name":"wp","href":"https:\/\/api.w.org\/{rel}","templated":true}]}}