{"id":46939,"date":"2025-08-05T14:55:43","date_gmt":"2025-08-05T11:55:43","guid":{"rendered":"https:\/\/www.egemtv.com\/?p=46939"},"modified":"2025-08-05T14:55:44","modified_gmt":"2025-08-05T11:55:44","slug":"fethiyede-hatali-sollama-cezasiz-kalmadi","status":"publish","type":"post","link":"https:\/\/www.egemtv.com\/?p=46939","title":{"rendered":"Fethiye\u2019de hatal\u0131 sollama cezas\u0131z kalmad\u0131"},"content":{"rendered":"<p>Mu\u011fla\u2019n\u0131n Fethiye il\u00e7esinde ara\u00e7 kameras\u0131na yans\u0131yan tehlikeli g\u00f6r\u00fcnt\u00fcler sosyal medyada b\u00fcy\u00fck tepki toplarken, jandarma ekipleri harekete ge\u00e7erek s\u00fcr\u00fcc\u00fcye para cezas\u0131 uygulad\u0131.<br \/>\n<br \/>Edinilen bilgiye g\u00f6re, \u00d6l\u00fcdeniz Mahallesi\u2019nden Fethiye istikametine seyir halinde olan bir arac\u0131n \u00f6n\u00fcne, trafikten ka\u00e7mak amac\u0131yla hatal\u0131 sollama yapan yabanc\u0131 plakal\u0131 bir ara\u00e7 tehlike sa\u00e7t\u0131. Anl\u0131k refleksle muhtemel bir kazadan kurtulan s\u00fcr\u00fcc\u00fc ile hatal\u0131 sollama yapan ara\u00e7 s\u00fcr\u00fcc\u00fcs\u00fc aras\u0131nda s\u00f6zl\u00fc tart\u0131\u015fma ya\u015fand\u0131. O anlar ara\u00e7 kameras\u0131na saniye saniye yans\u0131rken, g\u00f6r\u00fcnt\u00fcler sosyal medyada payla\u015f\u0131ld\u0131. G\u00f6r\u00fcnt\u00fclerin yay\u0131lmas\u0131 \u00fczerine harekete ge\u00e7en Fethiye \u0130l\u00e7e Jandarma Komutanl\u0131\u011f\u0131 Trafik ekipleri, hatal\u0131 sollama yapan yabanc\u0131 plakal\u0131 arac\u0131 tespit etti. S\u00fcr\u00fcc\u00fcye, hatal\u0131 solama yapmaktan ve trafik g\u00fcvenli\u011fini tehlikeye d\u00fc\u015f\u00fcrmekten idari para cezas\u0131 uyguland\u0131.<\/p>\n","protected":false},"excerpt":{"rendered":"<p>Mu\u011fla\u2019n\u0131n Fethiye il\u00e7esinde ara\u00e7 kameras\u0131na yans\u0131yan tehlikeli g\u00f6r\u00fcnt\u00fcler sosyal medyada b\u00fcy\u00fck tepki toplarken, jandarma ekipleri harekete ge\u00e7erek s\u00fcr\u00fcc\u00fcye para cezas\u0131 uygulad\u0131. Edinilen bilgiye g\u00f6re, \u00d6l\u00fcdeniz Mahallesi\u2019nden Fethiye istikametine seyir halinde olan bir arac\u0131n \u00f6n\u00fcne, trafikten ka\u00e7mak amac\u0131yla hatal\u0131 sollama yapan yabanc\u0131 plakal\u0131 bir ara\u00e7 tehlike sa\u00e7t\u0131. Anl\u0131k refleksle muhtemel bir kazadan kurtulan s\u00fcr\u00fcc\u00fc ile hatal\u0131&#8230;<\/p>\n","protected":false},"author":1,"featured_media":46940,"comment_status":"open","ping_status":"open","sticky":false,"template":"","format":"standard","meta":{"_crdt_document":"","footnotes":""},"categories":[5],"tags":[],"class_list":["post-46939","post","type-post","status-publish","format-standard","has-post-thumbnail","hentry","category-asayis"],"_links":{"self":[{"href":"https:\/\/www.egemtv.com\/index.php?rest_route=\/wp\/v2\/posts\/46939","targetHints":{"allow":["GET"]}}],"collection":[{"href":"https:\/\/www.egemtv.com\/index.php?rest_route=\/wp\/v2\/posts"}],"about":[{"href":"https:\/\/www.egemtv.com\/index.php?rest_route=\/wp\/v2\/types\/post"}],"author":[{"embeddable":true,"href":"https:\/\/www.egemtv.com\/index.php?rest_route=\/wp\/v2\/users\/1"}],"replies":[{"embeddable":true,"href":"https:\/\/www.egemtv.com\/index.php?rest_route=%2Fwp%2Fv2%2Fcomments&post=46939"}],"version-history":[{"count":1,"href":"https:\/\/www.egemtv.com\/index.php?rest_route=\/wp\/v2\/posts\/46939\/revisions"}],"predecessor-version":[{"id":46941,"href":"https:\/\/www.egemtv.com\/index.php?rest_route=\/wp\/v2\/posts\/46939\/revisions\/46941"}],"wp:featuredmedia":[{"embeddable":true,"href":"https:\/\/www.egemtv.com\/index.php?rest_route=\/wp\/v2\/media\/46940"}],"wp:attachment":[{"href":"https:\/\/www.egemtv.com\/index.php?rest_route=%2Fwp%2Fv2%2Fmedia&parent=46939"}],"wp:term":[{"taxonomy":"category","embeddable":true,"href":"https:\/\/www.egemtv.com\/index.php?rest_route=%2Fwp%2Fv2%2Fcategories&post=46939"},{"taxonomy":"post_tag","embeddable":true,"href":"https:\/\/www.egemtv.com\/index.php?rest_route=%2Fwp%2Fv2%2Ftags&post=46939"}],"curies":[{"name":"wp","href":"https:\/\/api.w.org\/{rel}","templated":true}]}}