{"id":46936,"date":"2025-08-05T14:34:49","date_gmt":"2025-08-05T11:34:49","guid":{"rendered":"https:\/\/www.egemtv.com\/?p=46936"},"modified":"2025-08-05T14:34:50","modified_gmt":"2025-08-05T11:34:50","slug":"vali-coskun-emlak-rayic-bedellerinde-belediyeler-farkli-uygulamalara-gitti","status":"publish","type":"post","link":"https:\/\/www.egemtv.com\/?p=46936","title":{"rendered":"Vali Co\u015fkun; &#8220;Emlak rayi\u00e7 bedellerinde belediyeler farkl\u0131 uygulamalara gitti&#8221;"},"content":{"rendered":"<p>Denizli Valisi \u00d6mer Faruk Co\u015fkun, baz\u0131 belediyelerin merkez takdir komisyonunun belirledi\u011fi rayi\u00e7 bedellere uymayarak, kendi kararlar\u0131n\u0131 ask\u0131ya \u00e7\u0131kard\u0131\u011f\u0131n\u0131 belirtti.<\/p>\n<p>Emlak rayi\u00e7 bedellerinde ya\u015fanan art\u0131\u015f kamuoyunun tepkisini \u00e7ekerken, Denizli Valisi \u00d6mer Faruk Co\u015fkun konuyla ilgili a\u00e7\u0131klamalarda bulundu.<\/p>\n<p>Vali Co\u015fkun, emlak rayi\u00e7 bedellerinin belirlenmesinde merkez takdir komisyonlar\u0131n\u0131n ald\u0131\u011f\u0131 kararlar\u0131n baz\u0131 belediyeler taraf\u0131ndan uyuldu\u011funu, baz\u0131 belediyeler taraf\u0131ndan ise uyulmad\u0131\u011f\u0131n\u0131 s\u00f6yledi. Karara uymayan baz\u0131 belediyelerin kendi belirledikleri bedelleri ask\u0131ya \u00e7\u0131kard\u0131klar\u0131n\u0131 ifade eden Vali Co\u015fkun, &#8220;Merkez takdir komisyonunun belirledi\u011fi rayi\u00e7 de\u011ferler do\u011frultusunda al\u0131\u011f\u0131 kararlar ortada, baz\u0131 belediyelerin bu kararlar\u0131n d\u0131\u015f\u0131na \u00e7\u0131karak bedelleri ask\u0131ya \u00e7\u0131kard\u0131. \u00d6te yandan, komisyon karar\u0131na uygun hareket eden belediyeler de var&#8221; diye konu\u015ftu.<br \/><\/p>\n","protected":false},"excerpt":{"rendered":"<p>Denizli Valisi \u00d6mer Faruk Co\u015fkun, baz\u0131 belediyelerin merkez takdir komisyonunun belirledi\u011fi rayi\u00e7 bedellere uymayarak, kendi kararlar\u0131n\u0131 ask\u0131ya \u00e7\u0131kard\u0131\u011f\u0131n\u0131 belirtti. Emlak rayi\u00e7 bedellerinde ya\u015fanan art\u0131\u015f kamuoyunun tepkisini \u00e7ekerken, Denizli Valisi \u00d6mer Faruk Co\u015fkun konuyla ilgili a\u00e7\u0131klamalarda bulundu. Vali Co\u015fkun, emlak rayi\u00e7 bedellerinin belirlenmesinde merkez takdir komisyonlar\u0131n\u0131n ald\u0131\u011f\u0131 kararlar\u0131n baz\u0131 belediyeler taraf\u0131ndan uyuldu\u011funu, baz\u0131 belediyeler taraf\u0131ndan ise&#8230;<\/p>\n","protected":false},"author":1,"featured_media":46937,"comment_status":"open","ping_status":"open","sticky":false,"template":"","format":"standard","meta":{"_crdt_document":"","footnotes":""},"categories":[125],"tags":[],"class_list":["post-46936","post","type-post","status-publish","format-standard","has-post-thumbnail","hentry","category-ekonomi"],"_links":{"self":[{"href":"https:\/\/www.egemtv.com\/index.php?rest_route=\/wp\/v2\/posts\/46936","targetHints":{"allow":["GET"]}}],"collection":[{"href":"https:\/\/www.egemtv.com\/index.php?rest_route=\/wp\/v2\/posts"}],"about":[{"href":"https:\/\/www.egemtv.com\/index.php?rest_route=\/wp\/v2\/types\/post"}],"author":[{"embeddable":true,"href":"https:\/\/www.egemtv.com\/index.php?rest_route=\/wp\/v2\/users\/1"}],"replies":[{"embeddable":true,"href":"https:\/\/www.egemtv.com\/index.php?rest_route=%2Fwp%2Fv2%2Fcomments&post=46936"}],"version-history":[{"count":1,"href":"https:\/\/www.egemtv.com\/index.php?rest_route=\/wp\/v2\/posts\/46936\/revisions"}],"predecessor-version":[{"id":46938,"href":"https:\/\/www.egemtv.com\/index.php?rest_route=\/wp\/v2\/posts\/46936\/revisions\/46938"}],"wp:featuredmedia":[{"embeddable":true,"href":"https:\/\/www.egemtv.com\/index.php?rest_route=\/wp\/v2\/media\/46937"}],"wp:attachment":[{"href":"https:\/\/www.egemtv.com\/index.php?rest_route=%2Fwp%2Fv2%2Fmedia&parent=46936"}],"wp:term":[{"taxonomy":"category","embeddable":true,"href":"https:\/\/www.egemtv.com\/index.php?rest_route=%2Fwp%2Fv2%2Fcategories&post=46936"},{"taxonomy":"post_tag","embeddable":true,"href":"https:\/\/www.egemtv.com\/index.php?rest_route=%2Fwp%2Fv2%2Ftags&post=46936"}],"curies":[{"name":"wp","href":"https:\/\/api.w.org\/{rel}","templated":true}]}}