{"id":46933,"date":"2025-08-05T14:34:48","date_gmt":"2025-08-05T11:34:48","guid":{"rendered":"https:\/\/www.egemtv.com\/?p=46933"},"modified":"2025-08-05T14:34:49","modified_gmt":"2025-08-05T11:34:49","slug":"dso-baskani-kasapoglu-doviz-cinsi-kredilerde-buyume-siniri-kaldirilmali-uretici-kredileri-ayristirilmali","status":"publish","type":"post","link":"https:\/\/www.egemtv.com\/?p=46933","title":{"rendered":"DSO Ba\u015fkan\u0131 Kasapo\u011flu: &#8220;D\u00f6viz cinsi kredilerde b\u00fcy\u00fcme s\u0131n\u0131r\u0131 kald\u0131r\u0131lmal\u0131, \u00fcretici kredileri ayr\u0131\u015ft\u0131r\u0131lmal\u0131&#8221;"},"content":{"rendered":"<p>Denizli Sanayi Odas\u0131 (DSO) 2025 y\u0131l\u0131 A\u011fustos ay\u0131 Ola\u011fan Meclis Toplant\u0131s\u0131 ger\u00e7ekle\u015ftirildi. Konuk konu\u015fmac\u0131 olarak toplant\u0131ya kat\u0131lan Ekonomist Can Sel\u00e7uki, k\u00fcresel ve b\u00f6lgesel geli\u015fmeler, Denizli \u00f6zelinde ekonomik g\u00f6stergeler ve ekonomi politikalar\u0131n\u0131n sanayi sekt\u00f6rlerine yans\u0131malar\u0131 \u00fczerine kapsaml\u0131 bir sunum yapt\u0131.<br \/>\n<br \/>Denizli Sanayi Odas\u0131 (DSO) 2025 Y\u0131l\u0131 A\u011fustos Ay\u0131 Ola\u011fan Meclis Toplant\u0131s\u0131, M\u00fcjdat Ke\u00e7eci Meclis Salonu\u2019nda ger\u00e7ekle\u015ftirildi. Toplant\u0131ya Y\u00fcksek \u0130sti\u015fare Kurulu \u00dcyeleri, Meclis \u00dcyeleri ve Meslek Komitesi \u00dcyeleri kat\u0131ld\u0131. Meclis Ba\u015fkan Vekili \u0130lhan Sicimli\u2019nin a\u00e7\u0131l\u0131\u015f konu\u015fmas\u0131yla ba\u015flayan toplant\u0131da, sanayicilerin g\u00fcncel sorunlar\u0131 ve \u00e7\u00f6z\u00fcm \u00f6nerileri masaya yat\u0131r\u0131ld\u0131.<br \/>\n<br \/>Toplant\u0131n\u0131n devam\u0131nda, Y\u00f6netim Kurulu Ba\u015fkan\u0131 Selim Kasapo\u011flu kat\u0131l\u0131mc\u0131lara hitap etti. \u0130stihdam ve ekonomi g\u00fcndemi, sekt\u00f6rel de\u011ferlendirmeler, Temmuz ay\u0131 faaliyetleri ve ger\u00e7ekle\u015ftirilen ziyaretler hakk\u0131nda detayl\u0131 bilgi verdi. 2025 y\u0131l\u0131n\u0131n ilk 7 ayl\u0131k d\u00f6neminde 433 faaliyet ger\u00e7ekle\u015ftirdiklerini s\u00f6yleyen Ba\u015fkan Kasapo\u011flu, ayr\u0131ca Denizli Sanayi Odas\u0131\u2019n\u0131n &#8220;Denizli\u2019nin Gelece\u011fi Temiz \u00dcretimde&#8221; projesiyle 2025 D\u00fcnya Odalar Yar\u0131\u015fmas\u0131\u2019nda finalist olmaya hak kazand\u0131\u011f\u0131n\u0131, bunun Denizli\u2019nin s\u00fcrd\u00fcr\u00fclebilirlik vizyonu i\u00e7in \u00f6nemli bir ba\u015far\u0131 oldu\u011funu ifade etti.<\/p>\n<p>&#8220;Denizli\u2019de kablo sekt\u00f6r\u00fc ivme kazan\u0131yor&#8221;<br \/>\n<br \/>T\u00fcrkiye \u0130hracat\u00e7\u0131lar Meclisi (T\u0130M) verilerine g\u00f6re T\u00fcrkiye ihracat\u0131n\u0131n y\u00fczde 11 art\u0131\u015fla 24,9 milyar dolar, Denizli ihracat\u0131n\u0131n Temmuz ay\u0131nda y\u00fczde 18,7 art\u0131\u015fla 416 milyon dolar, Ocak-Temmuz d\u00f6neminde ise y\u00fczde 8,9 art\u0131\u015fla 2,699 milyar dolar olarak ger\u00e7ekle\u015fti\u011fini belirten Ba\u015fkan Kasapo\u011flu, Denizli\u2019nin 2025 y\u0131l\u0131nda 3. kez 400 milyon dolar ihracat s\u0131n\u0131r\u0131n\u0131 a\u015ft\u0131\u011f\u0131n\u0131 kaydetti. Denizli ihracat\u0131nda kablo sekt\u00f6r\u00fcnde ya\u015fanan art\u0131\u015fa dikkat \u00e7eken Ba\u015fkan Kasapo\u011flu, &#8220;Denizli, T\u00fcrkiye genelinde 9. s\u0131radaki konumunu korunuyor. Sekt\u00f6rlere bakt\u0131\u011f\u0131m\u0131zda, tekstil-konfeksiyon y\u00fczde 3,4 azal\u0131\u015f, elektrik-elektronik y\u00fczde 32,7 art\u0131\u015f, demir-demir d\u0131\u015f\u0131 metaller y\u00fczde 26,7 art\u0131\u015f, tar\u0131m y\u00fczde 11,2 art\u0131\u015f, madencilik sekt\u00f6r\u00fcnde y\u00fczde 10,6 art\u0131\u015f kaydedildi\u011fini g\u00f6r\u00fcyoruz. Son y\u0131llarda art\u0131k Denizli kablo sekt\u00f6r\u00fc ile de dikkat \u00e7ekiyor. Denizli\u2019de kablo sekt\u00f6r\u00fc ivme kazan\u0131yor diyebiliriz.&#8221; dedi.<\/p>\n<p>Konu\u015fmas\u0131nda, haz\u0131r giyim ve tekstil sekt\u00f6r\u00fcne y\u00f6nelik k\u00fcresel geli\u015fmelere de\u011finen Kasapo\u011flu, T\u00fcrkiye\u2019nin artan maliyetler nedeniyle AB ve ABD pazarlar\u0131nda rekabet kayb\u0131 ya\u015fad\u0131\u011f\u0131n\u0131 vurgulad\u0131. ABD\u2019ye yap\u0131lan haz\u0131r giyim ihracat\u0131ndaki art\u0131\u015f\u0131n, genel pazar b\u00fcy\u00fcmesinin gerisinde kald\u0131\u011f\u0131n\u0131 belirten Kasapo\u011flu, ticaret politikalar\u0131 konusuna da de\u011finerek, ABD\u2019nin T\u00fcrkiye i\u00e7in belirledi\u011fi yeni g\u00fcmr\u00fck tarifelerinin y\u00fczde 15 ile en d\u00fc\u015f\u00fck tarifelerden biri oldu\u011funu ancak bu durumun rekabet g\u00fcc\u00fcn\u00fc art\u0131rmak i\u00e7in yeterli olmad\u0131\u011f\u0131n\u0131 ifade etti. ABD-AB ticaret anla\u015fmas\u0131n\u0131n etkilerinin de yak\u0131ndan takip edilmesi gerekti\u011fini s\u00f6zlerine ekledi.<\/p>\n<p>&#8220;Finansmana eri\u015fimde \u00fcretim \u00f6ncelikli strateji \u015fart&#8221;<br \/>\n<br \/>Sanayicilerin finansmana eri\u015fimde her ge\u00e7en g\u00fcn daha da zorland\u0131\u011f\u0131n\u0131 vurgulayan Ba\u015fkan Kasapo\u011flu, &#8220;Yabanc\u0131 para (YP) cinsinden kredilerdeki ayl\u0131k b\u00fcy\u00fcme s\u0131n\u0131r\u0131, firmalar\u0131n finansman ihtiya\u00e7lar\u0131n\u0131 kar\u015f\u0131lamas\u0131n\u0131 zorla\u015ft\u0131r\u0131yor. Bu s\u0131n\u0131r, bankalar\u0131n kredi verme kapasiteleri nedeniyle daha b\u00fcy\u00fck bir soruna d\u00f6n\u00fc\u015f\u00fcyor. Finansmana eri\u015fimdeki bu k\u0131s\u0131tlamalar, b\u00fcy\u00fcme potansiyelini de s\u0131n\u0131rl\u0131yor. Piyasada nakit ak\u0131\u015f\u0131 yava\u015fl\u0131yor, yat\u0131r\u0131m ve \u00fcretim planlar\u0131 sekteye u\u011fruyor. B\u00fcy\u00fcme k\u0131s\u0131tlar\u0131n\u0131n en az\u0131ndan imalat sanayi gibi lokomotif sekt\u00f6rler i\u00e7in kald\u0131r\u0131lmas\u0131n\u0131 talep ediyoruz.&#8221; dedi.<\/p>\n<p>Ticari krediler i\u00e7in uygulanan faiz oranlar\u0131n\u0131n g\u00f6zden ge\u00e7irilmesi gerekti\u011fini de belirten Kasapo\u011flu, &#8220;Y\u00fcksek reel faiz oranlar\u0131 sanayiciler \u00fczerinde ek bir y\u00fck olu\u015fturuyor. Uluslararas\u0131 pazarlarda rekabet etmekte zorlanan firmalar\u0131m\u0131z i\u00e7in bu oranlar, maliyetleri daha da art\u0131r\u0131yor ve rekabet g\u00fcc\u00fcn\u00fc zedeliyor. Bu anlamda, \u00fcretici kredileri i\u00e7in uygulanan faiz oranlar\u0131n\u0131n g\u00f6zden ge\u00e7irilmesi ve t\u00fcketici kredilerinden ayr\u0131\u015ft\u0131r\u0131lmas\u0131 gerekiyor. \u00dcretim odakl\u0131 yat\u0131r\u0131mlar\u0131n desteklenmesi, uzun vadede hem enflasyonla m\u00fccadeleye hem de s\u00fcrd\u00fcr\u00fclebilir b\u00fcy\u00fcmeye katk\u0131 sa\u011flayacakt\u0131r. \u00c7\u00fcnk\u00fc \u00fcretim artmad\u0131k\u00e7a, piyasada fiyatlar\u0131n d\u00fc\u015fmesi de zorla\u015f\u0131yor.&#8221; diye konu\u015ftu.<\/p>\n<p>Gen\u00e7 istihdam\u0131 i\u00e7in mesleki e\u011fitim ve te\u015fvik politikalar\u0131 vurgusu<br \/>\n<br \/>T\u00dc\u0130K\u2019in \u0130\u015fg\u00fcc\u00fc Piyasas\u0131nda Gen\u00e7ler ara\u015ft\u0131rmas\u0131ndaki sonu\u00e7lar\u0131 payla\u015fan Ba\u015fkan Kasapo\u011flu, e\u011fitim-i\u015f uyumsuzlu\u011funun ciddi boyutlara ula\u015ft\u0131\u011f\u0131n\u0131 ifade etti. Meslek lisesi ve \u00fcniversite mezunlar\u0131n\u0131n \u00f6nemli bir k\u0131sm\u0131n\u0131n i\u015fsiz veya alan d\u0131\u015f\u0131 i\u015flerde \u00e7al\u0131\u015ft\u0131\u011f\u0131n\u0131, bu durumun \u00f6nemli bir sorun haline geldi\u011fini vurgulad\u0131. Sanayide nitelikli i\u015fg\u00fcc\u00fcne olan ihtiyac\u0131n her ge\u00e7en g\u00fcn artt\u0131\u011f\u0131na da dikkat \u00e7eken Kasapo\u011flu, &#8220;Ger\u00e7ekle\u015ftirdi\u011fimiz proje ve i\u015f birlikleriyle sanayi sekt\u00f6rlerinin ihtiya\u00e7 duydu\u011fu i\u015fg\u00fcc\u00fcn\u00fcn yeti\u015ftirilmesi i\u00e7in mesleki e\u011fitim g\u00fcndemini \u00f6nemsiyor, bu konuda somut ad\u0131mlar at\u0131yoruz. Ba\u015flatt\u0131\u011f\u0131m\u0131z DSO ME\u0130P buna en g\u00fc\u00e7l\u00fc \u00f6rneklerden. Ancak bu konuyu toplumsal olarak da sahiplenmeliyiz. Gen\u00e7lerimizi sanayi sekt\u00f6rlerinde \u00e7al\u0131\u015fmaya te\u015fvik etmemiz gerekiyor. Meslek liselerini tercih edilir hale getirmeliyiz. Bu liselerden mezun olan ve kendi b\u00f6l\u00fcmlerinde \u00e7al\u0131\u015fma hayat\u0131na kat\u0131lan gen\u00e7lerimiz i\u00e7in f\u0131rsatlar olu\u015fturmal\u0131 ve kariyer yolculuklar\u0131nda desteklemeliyiz.&#8221; ifadesini kulland\u0131.<\/p>\n<p>Can Sel\u00e7uki: &#8220;Denizli sanayi deneyimi ve yat\u0131r\u0131m dostu yap\u0131s\u0131yla avantajl\u0131&#8221;<br \/>\n<br \/>Sanayi sekt\u00f6r\u00fcnde yapt\u0131\u011f\u0131 ara\u015ft\u0131rmalarla dikkat \u00e7eken Ekonomist Can Sel\u00e7uki, DSO A\u011fustos Ay\u0131 Meclis Toplant\u0131s\u0131\u2019na konuk konu\u015fmac\u0131 olarak kat\u0131ld\u0131. \u2019De\u011fi\u015fen D\u00fcnya D\u00fczeninde Yerel Kalk\u0131nma\u2019 ba\u015fl\u0131kl\u0131 sunumunda k\u00fcresel ve b\u00f6lgesel geli\u015fmeleri ele ald\u0131.<br \/>\n<br \/>Ticaret sava\u015flar\u0131n\u0131n sanayi sekt\u00f6r\u00fcne yans\u0131malar\u0131, 8 A\u011fustos tarihinde y\u00fcr\u00fcrl\u00fc\u011fe girecek olan ABD\u2019nin g\u00fcmr\u00fck tarifeleri ve yak\u0131n co\u011frafyalarda ya\u015fanan sava\u015flar\u0131n ekonomiye etkilerini aktaran Sel\u00e7uki, Denizli\u2019nin sekt\u00f6rler \u00f6zelinde istihdam durumuna, verimlilik ve ihracat odakl\u0131 geli\u015fimine de\u011findi. Sunumunda Denizli \u00f6zelinde ekonomik g\u00f6stergelere de yer veren Sel\u00e7uki, gen\u00e7 i\u015fg\u00fcc\u00fcn\u00fcn sanayi sekt\u00f6r\u00fcnde istihdam\u0131 ile ekonomi politikalar\u0131n\u0131n sanayi sekt\u00f6r\u00fcne yans\u0131malar\u0131 \u00fczerine de\u011ferlendirmelerde bulundu.<br \/>\n<br \/>Marmara B\u00f6lgesi\u2019ndeki sanayi tesislerinin deprem ihtimalini dikkate alarak Anadolu\u2019ya ta\u015f\u0131nmas\u0131nda sosyo-k\u00fclt\u00fcrel, lojistik, ekonomik a\u00e7\u0131lardan Ege B\u00f6lgesi\u2019nin ve Denizli\u2019nin \u015fansl\u0131 bir konumda oldu\u011funu belirten Sel\u00e7uki, &#8220;Denizli yat\u0131r\u0131mc\u0131y\u0131 ve giri\u015fimciyi seven, farkl\u0131 sekt\u00f6rlerde \u00e7ok ciddi bir deneyim birikimi olan bir kent. Bir sanayi kenti olan Denizli bu noktada olduk\u00e7a avantajl\u0131.&#8221; diye konu\u015ftu.<\/p>\n<p>&#8220;D\u00fcnya \u00fc\u00e7l\u00fc bir d\u00f6n\u00fc\u015f\u00fcmden ge\u00e7iyor&#8221;<br \/>\n<br \/>D\u00fcnyan\u0131n ye\u015fil, dijital ve sosyal olmak \u00fczere \u00fc\u00e7l\u00fc bir d\u00f6n\u00fc\u015f\u00fcmden ge\u00e7ti\u011fini belirten Ekonomist Sel\u00e7uki, bu d\u00f6n\u00fc\u015f\u00fcmde ticaret, sanayi altyap\u0131s\u0131 ve hukuki d\u00fczenlemeler gibi konular\u0131n \u00f6nemine at\u0131fta bulundu. Avrupa Birli\u011fi\u2019nin s\u0131n\u0131rda karbon vergisi uygulamas\u0131n\u0131 hat\u0131rlatarak, bu d\u00f6n\u00fc\u015f\u00fcm\u00fcn sadece \u00e7evresel de\u011fil, ayn\u0131 zamanda ekonomik bir zorunluluk oldu\u011funa dikkat \u00e7eken Sel\u00e7uki, &#8220;Herkesin dilinde \u2018ye\u015fil d\u00f6n\u00fc\u015f\u00fcm\u2019 var. Ama kimse bunun gerekleri nedir, rekabet\u00e7ili\u011fimize etkisi nedir diye pek kafa yo\u011furmuyor. Avrupa Birli\u011fi s\u0131n\u0131rda karbon vergisi getirdi\u011finde vize maliyetleri nedir? Rekabet\u00e7ili\u011fimizi nas\u0131l etkiler? Bunlar konu\u015fulmuyor. Denizli gibi sekt\u00f6rleri \u00e7ok belli illerde, sanayicilerimiz kendisini haz\u0131rlamak i\u00e7in harekete ge\u00e7meli&#8221; dedi.<\/p>\n<p>&#8220;Denizin alt\u0131nda kaynak yapmay\u0131 \u00f6\u011frenin&#8221;<br \/>\n<br \/>T\u00fcrkiye\u2019nin nitelikli personel a\u00e7\u0131\u011f\u0131 ihtiyac\u0131n\u0131n giderek b\u00fcy\u00fcd\u00fc\u011f\u00fcne dikkat \u00e7eken Sel\u00e7uki, \u00fcniversiteden mezun olan gen\u00e7lerin istihdamda bekledikleri ba\u015far\u0131y\u0131 yakalayamad\u0131klar\u0131n\u0131 dile getirdi. Konu\u015fmas\u0131na \u00f6rnekler vererek devam eden Sel\u00e7uki, &#8220;Sekt\u00f6rel olarak bakt\u0131\u011f\u0131m\u0131zda in\u015faatta, sanayide nitelikli i\u015fg\u00fcc\u00fcne olan ihtiya\u00e7 her ge\u00e7en g\u00fcn art\u0131yor. Ben hep \u015funu s\u00f6yl\u00fcyorum; Kaynak yapmay\u0131 \u00f6\u011frenin. Hatta m\u00fcmk\u00fcnse denizin alt\u0131nda kaynak yapmay\u0131 \u00f6\u011frenin, bu bir\u00e7ok \u00fcniversitenin sa\u011flayaca\u011f\u0131 stat\u00fcden daha fazlas\u0131n\u0131 getirecektir.&#8221; dedi.<br \/>\n<br \/>Sel\u00e7uki, Denizli Sanayi Odas\u0131\u2019n\u0131n katk\u0131lar\u0131yla hayata ge\u00e7irilen ve Ba\u015fkan Kasapo\u011flu\u2019nun konu\u015fmas\u0131nda de\u011findi\u011fi Sanayi Y\u00f6neti\u015fim Masas\u0131\u2019ndan da \u00f6vg\u00fcyle s\u00f6z ederek, sorunlar\u0131n \u00e7\u00f6z\u00fcm\u00fcnde isti\u015farenin \u00f6nemini vurgulad\u0131.<br \/><\/p>\n","protected":false},"excerpt":{"rendered":"<p>Denizli Sanayi Odas\u0131 (DSO) 2025 y\u0131l\u0131 A\u011fustos ay\u0131 Ola\u011fan Meclis Toplant\u0131s\u0131 ger\u00e7ekle\u015ftirildi. Konuk konu\u015fmac\u0131 olarak toplant\u0131ya kat\u0131lan Ekonomist Can Sel\u00e7uki, k\u00fcresel ve b\u00f6lgesel geli\u015fmeler, Denizli \u00f6zelinde ekonomik g\u00f6stergeler ve ekonomi politikalar\u0131n\u0131n sanayi sekt\u00f6rlerine yans\u0131malar\u0131 \u00fczerine kapsaml\u0131 bir sunum yapt\u0131. Denizli Sanayi Odas\u0131 (DSO) 2025 Y\u0131l\u0131 A\u011fustos Ay\u0131 Ola\u011fan Meclis Toplant\u0131s\u0131, M\u00fcjdat Ke\u00e7eci Meclis Salonu\u2019nda ger\u00e7ekle\u015ftirildi&#8230;.<\/p>\n","protected":false},"author":1,"featured_media":46934,"comment_status":"open","ping_status":"open","sticky":false,"template":"","format":"standard","meta":{"_crdt_document":"","footnotes":""},"categories":[125],"tags":[],"class_list":["post-46933","post","type-post","status-publish","format-standard","has-post-thumbnail","hentry","category-ekonomi"],"_links":{"self":[{"href":"https:\/\/www.egemtv.com\/index.php?rest_route=\/wp\/v2\/posts\/46933","targetHints":{"allow":["GET"]}}],"collection":[{"href":"https:\/\/www.egemtv.com\/index.php?rest_route=\/wp\/v2\/posts"}],"about":[{"href":"https:\/\/www.egemtv.com\/index.php?rest_route=\/wp\/v2\/types\/post"}],"author":[{"embeddable":true,"href":"https:\/\/www.egemtv.com\/index.php?rest_route=\/wp\/v2\/users\/1"}],"replies":[{"embeddable":true,"href":"https:\/\/www.egemtv.com\/index.php?rest_route=%2Fwp%2Fv2%2Fcomments&post=46933"}],"version-history":[{"count":1,"href":"https:\/\/www.egemtv.com\/index.php?rest_route=\/wp\/v2\/posts\/46933\/revisions"}],"predecessor-version":[{"id":46935,"href":"https:\/\/www.egemtv.com\/index.php?rest_route=\/wp\/v2\/posts\/46933\/revisions\/46935"}],"wp:featuredmedia":[{"embeddable":true,"href":"https:\/\/www.egemtv.com\/index.php?rest_route=\/wp\/v2\/media\/46934"}],"wp:attachment":[{"href":"https:\/\/www.egemtv.com\/index.php?rest_route=%2Fwp%2Fv2%2Fmedia&parent=46933"}],"wp:term":[{"taxonomy":"category","embeddable":true,"href":"https:\/\/www.egemtv.com\/index.php?rest_route=%2Fwp%2Fv2%2Fcategories&post=46933"},{"taxonomy":"post_tag","embeddable":true,"href":"https:\/\/www.egemtv.com\/index.php?rest_route=%2Fwp%2Fv2%2Ftags&post=46933"}],"curies":[{"name":"wp","href":"https:\/\/api.w.org\/{rel}","templated":true}]}}