{"id":46930,"date":"2025-08-05T14:15:56","date_gmt":"2025-08-05T11:15:56","guid":{"rendered":"https:\/\/www.egemtv.com\/?p=46930"},"modified":"2025-08-05T14:15:57","modified_gmt":"2025-08-05T11:15:57","slug":"aydinin-tum-ilcelerinde-yol-yapim-ve-yenileme-calismalari-suruyor","status":"publish","type":"post","link":"https:\/\/www.egemtv.com\/?p=46930","title":{"rendered":"Ayd\u0131n\u2019\u0131n t\u00fcm il\u00e7elerinde yol yap\u0131m ve yenileme \u00e7al\u0131\u015fmalar\u0131 s\u00fcr\u00fcyor"},"content":{"rendered":"<p>Ayd\u0131n B\u00fcy\u00fck\u015fehir Belediyesi, kent genelinde e\u015f zamanl\u0131 olarak s\u00fcrd\u00fcr\u00fclen yol yap\u0131m ve yenileme \u00e7al\u0131\u015fmalar\u0131na devam ediyor.<\/p>\n<p>Fen \u0130\u015fleri Dairesi Ba\u015fkanl\u0131\u011f\u0131 Yol Yap\u0131m ve Bak\u0131m \u015eube M\u00fcd\u00fcrl\u00fc\u011f\u00fc ekipleri, Zeybek Mahallesi\u2019nde bulunan Zeybekler Bulvar\u0131\u2019nda kaz\u0131 \u00e7al\u0131\u015fmalar\u0131na ba\u015flad\u0131. Bulvarda kaz\u0131 \u00e7al\u0131\u015fmalar\u0131n\u0131n ard\u0131ndan s\u0131cak asfalt serimi ve kald\u0131r\u0131m \u00e7al\u0131\u015fmas\u0131 ger\u00e7ekle\u015ftirilecek. Yol \u00e7izgisi ve logo \u00e7al\u0131\u015fmalar\u0131 da yap\u0131lacak olan bulvar, daha konforlu ve g\u00fcvenli haliyle il\u00e7e halk\u0131n\u0131n kullan\u0131m\u0131na sunulacak.<\/p>\n<p>Yol yap\u0131m ve yenileme \u00e7al\u0131\u015fmalar\u0131n\u0131n kent genelinde s\u00fcrd\u00fcr\u00fclece\u011fini belirten Ayd\u0131n B\u00fcy\u00fck\u015fehir Belediye Ba\u015fkan\u0131 \u00d6zlem \u00c7er\u00e7io\u011flu, &#8220;17 il\u00e7emizin tamam\u0131nda yol yap\u0131m ve yenileme \u00e7al\u0131\u015fmalar\u0131m\u0131z\u0131 s\u00fcrd\u00fcr\u00fcyoruz. G\u00fczel Ayd\u0131n\u0131m\u0131z i\u00e7in \u00e7al\u0131\u015fmaya, hem\u015fehrilerimizi hizmetlerimiz ile bulu\u015fturmaya devam edece\u011fiz&#8221; ifadelerini kulland\u0131.<\/p>\n<p>Vatanda\u015flar, hizmetlerinden dolay\u0131 Ba\u015fkan \u00c7er\u00e7io\u011flu\u2019na te\u015fekk\u00fcr etti.<br \/><\/p>\n","protected":false},"excerpt":{"rendered":"<p>Ayd\u0131n B\u00fcy\u00fck\u015fehir Belediyesi, kent genelinde e\u015f zamanl\u0131 olarak s\u00fcrd\u00fcr\u00fclen yol yap\u0131m ve yenileme \u00e7al\u0131\u015fmalar\u0131na devam ediyor. Fen \u0130\u015fleri Dairesi Ba\u015fkanl\u0131\u011f\u0131 Yol Yap\u0131m ve Bak\u0131m \u015eube M\u00fcd\u00fcrl\u00fc\u011f\u00fc ekipleri, Zeybek Mahallesi\u2019nde bulunan Zeybekler Bulvar\u0131\u2019nda kaz\u0131 \u00e7al\u0131\u015fmalar\u0131na ba\u015flad\u0131. Bulvarda kaz\u0131 \u00e7al\u0131\u015fmalar\u0131n\u0131n ard\u0131ndan s\u0131cak asfalt serimi ve kald\u0131r\u0131m \u00e7al\u0131\u015fmas\u0131 ger\u00e7ekle\u015ftirilecek. Yol \u00e7izgisi ve logo \u00e7al\u0131\u015fmalar\u0131 da yap\u0131lacak olan bulvar,&#8230;<\/p>\n","protected":false},"author":1,"featured_media":46931,"comment_status":"open","ping_status":"open","sticky":false,"template":"","format":"standard","meta":{"_crdt_document":"","footnotes":""},"categories":[1],"tags":[],"class_list":["post-46930","post","type-post","status-publish","format-standard","has-post-thumbnail","hentry","category-guncel"],"_links":{"self":[{"href":"https:\/\/www.egemtv.com\/index.php?rest_route=\/wp\/v2\/posts\/46930","targetHints":{"allow":["GET"]}}],"collection":[{"href":"https:\/\/www.egemtv.com\/index.php?rest_route=\/wp\/v2\/posts"}],"about":[{"href":"https:\/\/www.egemtv.com\/index.php?rest_route=\/wp\/v2\/types\/post"}],"author":[{"embeddable":true,"href":"https:\/\/www.egemtv.com\/index.php?rest_route=\/wp\/v2\/users\/1"}],"replies":[{"embeddable":true,"href":"https:\/\/www.egemtv.com\/index.php?rest_route=%2Fwp%2Fv2%2Fcomments&post=46930"}],"version-history":[{"count":1,"href":"https:\/\/www.egemtv.com\/index.php?rest_route=\/wp\/v2\/posts\/46930\/revisions"}],"predecessor-version":[{"id":46932,"href":"https:\/\/www.egemtv.com\/index.php?rest_route=\/wp\/v2\/posts\/46930\/revisions\/46932"}],"wp:featuredmedia":[{"embeddable":true,"href":"https:\/\/www.egemtv.com\/index.php?rest_route=\/wp\/v2\/media\/46931"}],"wp:attachment":[{"href":"https:\/\/www.egemtv.com\/index.php?rest_route=%2Fwp%2Fv2%2Fmedia&parent=46930"}],"wp:term":[{"taxonomy":"category","embeddable":true,"href":"https:\/\/www.egemtv.com\/index.php?rest_route=%2Fwp%2Fv2%2Fcategories&post=46930"},{"taxonomy":"post_tag","embeddable":true,"href":"https:\/\/www.egemtv.com\/index.php?rest_route=%2Fwp%2Fv2%2Ftags&post=46930"}],"curies":[{"name":"wp","href":"https:\/\/api.w.org\/{rel}","templated":true}]}}