{"id":46927,"date":"2025-08-05T14:15:55","date_gmt":"2025-08-05T11:15:55","guid":{"rendered":"https:\/\/www.egemtv.com\/?p=46927"},"modified":"2025-08-05T14:15:56","modified_gmt":"2025-08-05T11:15:56","slug":"denizli-idmanyurdunun-kalesi-tecrubeli-eldivene-emanet","status":"publish","type":"post","link":"https:\/\/www.egemtv.com\/?p=46927","title":{"rendered":"Denizli \u0130dmanyurdu\u2019nun kalesi tecr\u00fcbeli eldivene emanet"},"content":{"rendered":"<p>Yeni sezonda TFF Nesine 3. Lig 4. Grup\u2019ta m\u00fccadele edecek olan Denizli \u0130dmanyurdu, yeni sezon kadrosunu 31 ya\u015f\u0131ndaki kaleci Kemal Mert \u00d6zyi\u011fit ile g\u00fc\u00e7lendirdi.<\/p>\n<p>2025-2026 sezonunda TFF Nesine 3. Lig 4. Grupta m\u00fccadele edecek olan Denizli temsilcisi Denizli \u0130dmanyurdu, yeni sezon \u00e7al\u0131\u015fmalar\u0131na ara vermeden g\u00fcnde \u00e7ift antrenman ile devam ederken; kadrosunu da g\u00fc\u00e7lendirmeye devam ediyor. Denizli \u0130dmanyurdu, kariyeri boyunca; Ayd\u0131nspor 1923, Buca Geli\u015ftirme Spor, Sincan Belediye Ankara Spor, Ba\u015fkent \u015eafak Spor FK, Sincan Belediye Ankaraspor, Fethiyespor, Buca Geli\u015ftirmespor, \u00c7orum FK, Erbaaspor, \u00c7engelk\u00f6yspor, Sivas D\u00f6rt Eyl\u00fcl, Karaman Futbol Kul\u00fcb\u00fc, Bayburt \u00d6zel \u0130darespor, Kahramanmara\u015fspor ve Efeler 09 Spor Futbol Kul\u00fcb\u00fc formalar\u0131 giyen 31 ya\u015f\u0131ndaki kaleci Kemal Mert \u00d6zyi\u011fit\u2019i renklerine ba\u011fl\u0131.<\/p>\n<p>&#8220;Buraya Denizli \u0130dmanyurdu\u2019nun ba\u015far\u0131s\u0131 i\u00e7in geldim&#8221;<br \/>\n<br \/>Transferi ile ilgili olarak a\u00e7\u0131klamalarda bulunan deneyimli kaleci Denizli\u2019ye geldi\u011fi i\u00e7in mutlu oldu\u011funu belirterek &#8220;Buraya Denizli \u0130dmanyurdu\u2019nun ba\u015far\u0131s\u0131 i\u00e7in geldim. \u0130n\u015fallah elimden gelenin en iyisini verip tak\u0131m\u0131m\u0131n ba\u015far\u0131l\u0131 olmas\u0131 i\u00e7in \u00e7al\u0131\u015faca\u011f\u0131m. Bana g\u00fcvenenleri mahcup etmeyece\u011fim&#8221; dedi.<\/p>\n<p>&#8220;Ligde kal\u0131c\u0131 olmak istiyoruz&#8221;<br \/>\n<br \/>Ligde m\u00fccadele edecekleri 4. grubun g\u00fc\u00e7l\u00fc tak\u0131mlardan olu\u015ftu\u011funa dikkat \u00e7eken \u00d6zyi\u011fit, &#8220;Grubumuz ger\u00e7ekten 3. Ligin en zorlu grubu diyebilirim. Grubumuzda \u00e7ok y\u00fcksek b\u00fct\u00e7eli tak\u0131mlar var. Tabi bizde bunlarla ba\u015fa ba\u015f m\u00fccadele edece\u011fiz. Hedefimiz lige yeni \u00e7\u0131km\u0131\u015f bir tak\u0131m olarak ligde kal\u0131c\u0131 olmak istiyoruz. Ondan sonras\u0131 play off, \u015fampiyonluk bunlar sonu\u00e7lara g\u00f6re \u015fekillenecek diye d\u00fc\u015f\u00fcn\u00fcyorum&#8221; ifadelerini kulland\u0131.<br \/><\/p>\n","protected":false},"excerpt":{"rendered":"<p>Yeni sezonda TFF Nesine 3. Lig 4. Grup\u2019ta m\u00fccadele edecek olan Denizli \u0130dmanyurdu, yeni sezon kadrosunu 31 ya\u015f\u0131ndaki kaleci Kemal Mert \u00d6zyi\u011fit ile g\u00fc\u00e7lendirdi. 2025-2026 sezonunda TFF Nesine 3. Lig 4. Grupta m\u00fccadele edecek olan Denizli temsilcisi Denizli \u0130dmanyurdu, yeni sezon \u00e7al\u0131\u015fmalar\u0131na ara vermeden g\u00fcnde \u00e7ift antrenman ile devam ederken; kadrosunu da g\u00fc\u00e7lendirmeye devam ediyor&#8230;.<\/p>\n","protected":false},"author":1,"featured_media":46928,"comment_status":"open","ping_status":"open","sticky":false,"template":"","format":"standard","meta":{"_crdt_document":"","footnotes":""},"categories":[4],"tags":[],"class_list":["post-46927","post","type-post","status-publish","format-standard","has-post-thumbnail","hentry","category-spor"],"_links":{"self":[{"href":"https:\/\/www.egemtv.com\/index.php?rest_route=\/wp\/v2\/posts\/46927","targetHints":{"allow":["GET"]}}],"collection":[{"href":"https:\/\/www.egemtv.com\/index.php?rest_route=\/wp\/v2\/posts"}],"about":[{"href":"https:\/\/www.egemtv.com\/index.php?rest_route=\/wp\/v2\/types\/post"}],"author":[{"embeddable":true,"href":"https:\/\/www.egemtv.com\/index.php?rest_route=\/wp\/v2\/users\/1"}],"replies":[{"embeddable":true,"href":"https:\/\/www.egemtv.com\/index.php?rest_route=%2Fwp%2Fv2%2Fcomments&post=46927"}],"version-history":[{"count":1,"href":"https:\/\/www.egemtv.com\/index.php?rest_route=\/wp\/v2\/posts\/46927\/revisions"}],"predecessor-version":[{"id":46929,"href":"https:\/\/www.egemtv.com\/index.php?rest_route=\/wp\/v2\/posts\/46927\/revisions\/46929"}],"wp:featuredmedia":[{"embeddable":true,"href":"https:\/\/www.egemtv.com\/index.php?rest_route=\/wp\/v2\/media\/46928"}],"wp:attachment":[{"href":"https:\/\/www.egemtv.com\/index.php?rest_route=%2Fwp%2Fv2%2Fmedia&parent=46927"}],"wp:term":[{"taxonomy":"category","embeddable":true,"href":"https:\/\/www.egemtv.com\/index.php?rest_route=%2Fwp%2Fv2%2Fcategories&post=46927"},{"taxonomy":"post_tag","embeddable":true,"href":"https:\/\/www.egemtv.com\/index.php?rest_route=%2Fwp%2Fv2%2Ftags&post=46927"}],"curies":[{"name":"wp","href":"https:\/\/api.w.org\/{rel}","templated":true}]}}