{"id":46924,"date":"2025-08-05T14:15:55","date_gmt":"2025-08-05T11:15:55","guid":{"rendered":"https:\/\/www.egemtv.com\/?p=46924"},"modified":"2025-08-05T14:15:55","modified_gmt":"2025-08-05T11:15:55","slug":"aydin-zirai-alan-yangini-kontrol-altina-alindi","status":"publish","type":"post","link":"https:\/\/www.egemtv.com\/?p=46924","title":{"rendered":"Ayd\u0131n zirai alan yang\u0131n\u0131 kontrol alt\u0131na al\u0131nd\u0131"},"content":{"rendered":"<p>Ayd\u0131n\u2019da zirai alanda \u00e7\u0131kan yang\u0131n\u0131 ekiplerin havadan ve karadan yo\u011fun m\u00fcdahalesi ile kontrol alt\u0131na al\u0131nd\u0131.<br \/>\n<br \/>Edinilen bilgiye g\u00f6re, Konuklu Mahallesi\u2019ndeki zirai alanda hen\u00fcz bilinmeyen bir nedenle yang\u0131n \u00e7\u0131kt\u0131. Yap\u0131lan ihbar \u00fczerine b\u00f6lgeye Mu\u011fla Orman B\u00f6lge M\u00fcd\u00fcrl\u00fc\u011f\u00fc yang\u0131n s\u00f6nd\u00fcrme ve itfaiye ekipleri sevk edildi. Ekiplerin yang\u0131n\u0131 s\u00f6nd\u00fcrme ve kontrol alt\u0131na alma \u00e7al\u0131\u015fmalar\u0131 ba\u015flad\u0131. Yang\u0131na havadan ve karadan m\u00fcdahale devam etti. Ekiplerin yo\u011fun m\u00fcdahalesi sonucu yang\u0131n kontrol alt\u0131na al\u0131n\u0131rken, b\u00f6lgede so\u011futma \u00e7al\u0131\u015fmalar\u0131n\u0131n devam etti\u011fi \u00f6\u011frenildi.<br \/><\/p>\n","protected":false},"excerpt":{"rendered":"<p>Ayd\u0131n\u2019da zirai alanda \u00e7\u0131kan yang\u0131n\u0131 ekiplerin havadan ve karadan yo\u011fun m\u00fcdahalesi ile kontrol alt\u0131na al\u0131nd\u0131. Edinilen bilgiye g\u00f6re, Konuklu Mahallesi\u2019ndeki zirai alanda hen\u00fcz bilinmeyen bir nedenle yang\u0131n \u00e7\u0131kt\u0131. Yap\u0131lan ihbar \u00fczerine b\u00f6lgeye Mu\u011fla Orman B\u00f6lge M\u00fcd\u00fcrl\u00fc\u011f\u00fc yang\u0131n s\u00f6nd\u00fcrme ve itfaiye ekipleri sevk edildi. Ekiplerin yang\u0131n\u0131 s\u00f6nd\u00fcrme ve kontrol alt\u0131na alma \u00e7al\u0131\u015fmalar\u0131 ba\u015flad\u0131. Yang\u0131na havadan ve&#8230;<\/p>\n","protected":false},"author":1,"featured_media":46925,"comment_status":"open","ping_status":"open","sticky":false,"template":"","format":"standard","meta":{"_crdt_document":"","footnotes":""},"categories":[5],"tags":[],"class_list":["post-46924","post","type-post","status-publish","format-standard","has-post-thumbnail","hentry","category-asayis"],"_links":{"self":[{"href":"https:\/\/www.egemtv.com\/index.php?rest_route=\/wp\/v2\/posts\/46924","targetHints":{"allow":["GET"]}}],"collection":[{"href":"https:\/\/www.egemtv.com\/index.php?rest_route=\/wp\/v2\/posts"}],"about":[{"href":"https:\/\/www.egemtv.com\/index.php?rest_route=\/wp\/v2\/types\/post"}],"author":[{"embeddable":true,"href":"https:\/\/www.egemtv.com\/index.php?rest_route=\/wp\/v2\/users\/1"}],"replies":[{"embeddable":true,"href":"https:\/\/www.egemtv.com\/index.php?rest_route=%2Fwp%2Fv2%2Fcomments&post=46924"}],"version-history":[{"count":1,"href":"https:\/\/www.egemtv.com\/index.php?rest_route=\/wp\/v2\/posts\/46924\/revisions"}],"predecessor-version":[{"id":46926,"href":"https:\/\/www.egemtv.com\/index.php?rest_route=\/wp\/v2\/posts\/46924\/revisions\/46926"}],"wp:featuredmedia":[{"embeddable":true,"href":"https:\/\/www.egemtv.com\/index.php?rest_route=\/wp\/v2\/media\/46925"}],"wp:attachment":[{"href":"https:\/\/www.egemtv.com\/index.php?rest_route=%2Fwp%2Fv2%2Fmedia&parent=46924"}],"wp:term":[{"taxonomy":"category","embeddable":true,"href":"https:\/\/www.egemtv.com\/index.php?rest_route=%2Fwp%2Fv2%2Fcategories&post=46924"},{"taxonomy":"post_tag","embeddable":true,"href":"https:\/\/www.egemtv.com\/index.php?rest_route=%2Fwp%2Fv2%2Ftags&post=46924"}],"curies":[{"name":"wp","href":"https:\/\/api.w.org\/{rel}","templated":true}]}}