{"id":46921,"date":"2025-08-05T14:15:54","date_gmt":"2025-08-05T11:15:54","guid":{"rendered":"https:\/\/www.egemtv.com\/?p=46921"},"modified":"2025-08-05T14:15:55","modified_gmt":"2025-08-05T11:15:55","slug":"dugune-gelen-her-davetliye-bir-fidan-hediye-edildi","status":"publish","type":"post","link":"https:\/\/www.egemtv.com\/?p=46921","title":{"rendered":"D\u00fc\u011f\u00fcne gelen her davetliye bir fidan hediye edildi"},"content":{"rendered":"<p>Manisa\u2019n\u0131n Akhisar il\u00e7esinde ger\u00e7ekle\u015fen d\u00fc\u011f\u00fcnle d\u00fcnya evine giren gen\u00e7 \u00e7ift \u0130rem ve Orkun, en mutlu g\u00fcnlerini do\u011faya katk\u0131 sunarak \u00f6l\u00fcms\u00fczle\u015ftirdi. D\u00fc\u011f\u00fcne gelen her davetliye fidan hediye edildi.<br \/>\n<br \/>Akhisar\u2019da d\u00fczenlenen d\u00fc\u011f\u00fcnde, orman yang\u0131nlar\u0131na dikkat \u00e7ekmek ve \u00e7evre bilinci olu\u015fturmak amac\u0131yla her davetliye birer fidan hediye edildi.<br \/>\n<br \/>D\u00fc\u011f\u00fcn boyunca y\u00fczlerce fidan, misafirlere takdim edilerek do\u011faya d\u00f6n\u00fc\u015f yolculu\u011funa u\u011furland\u0131. Gelin \u0130rem\u2019in annesi Dilek I\u015f\u0131k Garip ve babas\u0131 Muhterem Kuyucu ile damat Orkun\u2019un ailesi Canan ve Kenan Erol\u2019un ortak karar\u0131yla hayata ge\u00e7irilen proje, davetliler taraf\u0131ndan b\u00fcy\u00fck takdir toplad\u0131.<br \/>\n<br \/>D\u00fc\u011f\u00fcn \u00f6ncesinde Ulucami Mahallesi\u2019ndeki o\u011flan evinde geleneksel yemek ikram\u0131 da yap\u0131ld\u0131. Saat 20.00\u2019de ba\u015flayan d\u00fc\u011f\u00fcn organizasyonu boyunca hem e\u011flenceli anlar ya\u015fand\u0131 hem de \u00e7evre bilincine dikkat \u00e7ekildi.<br \/>\n<br \/>Gelin \u0130rem yapt\u0131\u011f\u0131 konu\u015fmada, &#8220;Bu \u00f6zel g\u00fcn\u00fcm\u00fczde sadece bir hayat\u0131 de\u011fil, do\u011fay\u0131 da birlikte b\u00fcy\u00fctelim istedik. Misafirlerimizin her biri sayesinde bir fidan toprakla bulu\u015ftu&#8221; diyerek duygular\u0131n\u0131 payla\u015ft\u0131.<br \/><\/p>\n","protected":false},"excerpt":{"rendered":"<p>Manisa\u2019n\u0131n Akhisar il\u00e7esinde ger\u00e7ekle\u015fen d\u00fc\u011f\u00fcnle d\u00fcnya evine giren gen\u00e7 \u00e7ift \u0130rem ve Orkun, en mutlu g\u00fcnlerini do\u011faya katk\u0131 sunarak \u00f6l\u00fcms\u00fczle\u015ftirdi. D\u00fc\u011f\u00fcne gelen her davetliye fidan hediye edildi. Akhisar\u2019da d\u00fczenlenen d\u00fc\u011f\u00fcnde, orman yang\u0131nlar\u0131na dikkat \u00e7ekmek ve \u00e7evre bilinci olu\u015fturmak amac\u0131yla her davetliye birer fidan hediye edildi. D\u00fc\u011f\u00fcn boyunca y\u00fczlerce fidan, misafirlere takdim edilerek do\u011faya d\u00f6n\u00fc\u015f yolculu\u011funa&#8230;<\/p>\n","protected":false},"author":1,"featured_media":46922,"comment_status":"open","ping_status":"open","sticky":false,"template":"","format":"standard","meta":{"_crdt_document":"","footnotes":""},"categories":[1],"tags":[],"class_list":["post-46921","post","type-post","status-publish","format-standard","has-post-thumbnail","hentry","category-guncel"],"_links":{"self":[{"href":"https:\/\/www.egemtv.com\/index.php?rest_route=\/wp\/v2\/posts\/46921","targetHints":{"allow":["GET"]}}],"collection":[{"href":"https:\/\/www.egemtv.com\/index.php?rest_route=\/wp\/v2\/posts"}],"about":[{"href":"https:\/\/www.egemtv.com\/index.php?rest_route=\/wp\/v2\/types\/post"}],"author":[{"embeddable":true,"href":"https:\/\/www.egemtv.com\/index.php?rest_route=\/wp\/v2\/users\/1"}],"replies":[{"embeddable":true,"href":"https:\/\/www.egemtv.com\/index.php?rest_route=%2Fwp%2Fv2%2Fcomments&post=46921"}],"version-history":[{"count":1,"href":"https:\/\/www.egemtv.com\/index.php?rest_route=\/wp\/v2\/posts\/46921\/revisions"}],"predecessor-version":[{"id":46923,"href":"https:\/\/www.egemtv.com\/index.php?rest_route=\/wp\/v2\/posts\/46921\/revisions\/46923"}],"wp:featuredmedia":[{"embeddable":true,"href":"https:\/\/www.egemtv.com\/index.php?rest_route=\/wp\/v2\/media\/46922"}],"wp:attachment":[{"href":"https:\/\/www.egemtv.com\/index.php?rest_route=%2Fwp%2Fv2%2Fmedia&parent=46921"}],"wp:term":[{"taxonomy":"category","embeddable":true,"href":"https:\/\/www.egemtv.com\/index.php?rest_route=%2Fwp%2Fv2%2Fcategories&post=46921"},{"taxonomy":"post_tag","embeddable":true,"href":"https:\/\/www.egemtv.com\/index.php?rest_route=%2Fwp%2Fv2%2Ftags&post=46921"}],"curies":[{"name":"wp","href":"https:\/\/api.w.org\/{rel}","templated":true}]}}