{"id":46912,"date":"2025-08-05T13:34:48","date_gmt":"2025-08-05T10:34:48","guid":{"rendered":"https:\/\/www.egemtv.com\/?p=46912"},"modified":"2025-08-05T13:34:48","modified_gmt":"2025-08-05T10:34:48","slug":"mugla-valiliginde-yangin-ve-tahliye-tatbikati","status":"publish","type":"post","link":"https:\/\/www.egemtv.com\/?p=46912","title":{"rendered":"Mu\u011fla Valili\u011fi\u2019nde yang\u0131n ve tahliye tatbikat\u0131"},"content":{"rendered":"<p>Mu\u011fla Valili\u011fi H\u00fck\u00fbmet Kona\u011f\u0131\u2019nda, &#8220;Binalar\u0131n Yang\u0131ndan Korunmas\u0131 Hakk\u0131nda Y\u00f6netmelik&#8221; kapsam\u0131nda yang\u0131n ve tahliye tatbikat\u0131 ger\u00e7ekle\u015ftirildi. \u0130dari Hizmetler M\u00fcd\u00fcrl\u00fc\u011f\u00fc ve \u0130\u015f G\u00fcvenli\u011fi Uzman\u0131n\u0131n koordinasyonunda d\u00fczenlenen tatbikatla, muhtemel yang\u0131n durumlar\u0131nda personelin h\u0131zl\u0131 ve g\u00fcvenli tahliyesi ile acil m\u00fcdahale ekiplerinin etkin i\u015fbirli\u011fi hedeflendi.<br \/>\n<br \/>Senaryoya g\u00f6re yang\u0131n ihbar\u0131 yap\u0131ld\u0131ktan sonra, Yang\u0131n Kat Sorumlular\u0131 k\u0131sa s\u00fcrede personelin tahliyesini sa\u011flad\u0131. Tahliye s\u0131ras\u0131nda \u00f6ncelikli evraklar bina d\u0131\u015f\u0131na \u00e7\u0131kar\u0131l\u0131rken, dumandan etkilenen personele ilk yard\u0131m ekipleri taraf\u0131ndan yerinde m\u00fcdahale yap\u0131ld\u0131. Tatbikat, acil durumlara haz\u0131rl\u0131k a\u00e7\u0131s\u0131ndan \u00f6nemli bir deneyim oldu.<br \/><\/p>\n","protected":false},"excerpt":{"rendered":"<p>Mu\u011fla Valili\u011fi H\u00fck\u00fbmet Kona\u011f\u0131\u2019nda, &#8220;Binalar\u0131n Yang\u0131ndan Korunmas\u0131 Hakk\u0131nda Y\u00f6netmelik&#8221; kapsam\u0131nda yang\u0131n ve tahliye tatbikat\u0131 ger\u00e7ekle\u015ftirildi. \u0130dari Hizmetler M\u00fcd\u00fcrl\u00fc\u011f\u00fc ve \u0130\u015f G\u00fcvenli\u011fi Uzman\u0131n\u0131n koordinasyonunda d\u00fczenlenen tatbikatla, muhtemel yang\u0131n durumlar\u0131nda personelin h\u0131zl\u0131 ve g\u00fcvenli tahliyesi ile acil m\u00fcdahale ekiplerinin etkin i\u015fbirli\u011fi hedeflendi. Senaryoya g\u00f6re yang\u0131n ihbar\u0131 yap\u0131ld\u0131ktan sonra, Yang\u0131n Kat Sorumlular\u0131 k\u0131sa s\u00fcrede personelin tahliyesini sa\u011flad\u0131. Tahliye&#8230;<\/p>\n","protected":false},"author":1,"featured_media":46913,"comment_status":"open","ping_status":"open","sticky":false,"template":"","format":"standard","meta":{"_crdt_document":"","footnotes":""},"categories":[5],"tags":[],"class_list":["post-46912","post","type-post","status-publish","format-standard","has-post-thumbnail","hentry","category-asayis"],"_links":{"self":[{"href":"https:\/\/www.egemtv.com\/index.php?rest_route=\/wp\/v2\/posts\/46912","targetHints":{"allow":["GET"]}}],"collection":[{"href":"https:\/\/www.egemtv.com\/index.php?rest_route=\/wp\/v2\/posts"}],"about":[{"href":"https:\/\/www.egemtv.com\/index.php?rest_route=\/wp\/v2\/types\/post"}],"author":[{"embeddable":true,"href":"https:\/\/www.egemtv.com\/index.php?rest_route=\/wp\/v2\/users\/1"}],"replies":[{"embeddable":true,"href":"https:\/\/www.egemtv.com\/index.php?rest_route=%2Fwp%2Fv2%2Fcomments&post=46912"}],"version-history":[{"count":1,"href":"https:\/\/www.egemtv.com\/index.php?rest_route=\/wp\/v2\/posts\/46912\/revisions"}],"predecessor-version":[{"id":46914,"href":"https:\/\/www.egemtv.com\/index.php?rest_route=\/wp\/v2\/posts\/46912\/revisions\/46914"}],"wp:featuredmedia":[{"embeddable":true,"href":"https:\/\/www.egemtv.com\/index.php?rest_route=\/wp\/v2\/media\/46913"}],"wp:attachment":[{"href":"https:\/\/www.egemtv.com\/index.php?rest_route=%2Fwp%2Fv2%2Fmedia&parent=46912"}],"wp:term":[{"taxonomy":"category","embeddable":true,"href":"https:\/\/www.egemtv.com\/index.php?rest_route=%2Fwp%2Fv2%2Fcategories&post=46912"},{"taxonomy":"post_tag","embeddable":true,"href":"https:\/\/www.egemtv.com\/index.php?rest_route=%2Fwp%2Fv2%2Ftags&post=46912"}],"curies":[{"name":"wp","href":"https:\/\/api.w.org\/{rel}","templated":true}]}}