{"id":46909,"date":"2025-08-05T13:34:47","date_gmt":"2025-08-05T10:34:47","guid":{"rendered":"https:\/\/www.egemtv.com\/?p=46909"},"modified":"2025-08-05T13:34:47","modified_gmt":"2025-08-05T10:34:47","slug":"suleymanli-yaylasinda-yetisen-eriklerin-5-adeti-1-kilo-geliyor","status":"publish","type":"post","link":"https:\/\/www.egemtv.com\/?p=46909","title":{"rendered":"S\u00fcleymanl\u0131 Yaylas\u0131nda yeti\u015fen eriklerin 5 adeti 1 kilo geliyor"},"content":{"rendered":"<p>Denizli\u2019nin Buldan il\u00e7esinin en y\u00fcksek rak\u0131ml\u0131 b\u00f6lgelerinden olan S\u00fcleymanl\u0131 Yaylas\u0131nda yeti\u015fen erikler b\u00fcy\u00fckl\u00fc\u011f\u00fc ile dikkat \u00e7ekiyor. \u00dcreticiler ge\u00e7ti\u011fimiz y\u0131la oranla bu y\u0131l verimin d\u00fc\u015f\u00fck ancak kalitenin y\u00fcksek oldu\u011funu ifade etti.<\/p>\n<p>Denizli\u2019nin Buldan il\u00e7esinin en y\u00fcksek rak\u0131ml\u0131 b\u00f6lgelerinden olan S\u00fcleymanl\u0131 Yaylas\u0131nda yeti\u015ftirilen erik hasatlar\u0131 devam ediyor. \u00dcreticiler bahar aylar\u0131ndan g\u00f6r\u00fclen a\u015f\u0131r\u0131 so\u011fuklardan dolay\u0131 iri eriklerde verimin d\u00fc\u015ft\u00fc\u011f\u00fcn\u00fc belirtti ancak kalitenin y\u00fcksek oldu\u011funu ifade etti. B\u00f6lgede yeti\u015ftirilen iri eriklerin b\u00fcy\u00fckl\u00fc\u011f\u00fc ile dikkat \u00e7ekersek yakla\u015f\u0131k 5 adet eri\u011fin 1 kilo geldi\u011fi belirtildi.<\/p>\n<p>&#8220;\u0130ri erik yemesi, tad\u0131 ve aromas\u0131yla \u00e7ok b\u00fcy\u00fck ilgi g\u00f6r\u00fcyor&#8221;<br \/>\n<br \/>Buldan S\u00fcleymanl\u0131 Muhtar\u0131 ve erik yeti\u015ftiricisi Metin Uz, yakla\u015f\u0131k bin a\u011fa\u00e7tan bu y\u0131l 1,5 ton \u00fcr\u00fcn ald\u0131\u011f\u0131n\u0131 belirtti. Be\u015f adet eri\u011fin bir kilo geldi\u011fini ifade eden Metin Uz&#8221; \u0130ri erik yemesi, tad\u0131 ve aromas\u0131yla \u00e7ok b\u00fcy\u00fck ilgi g\u00f6r\u00fcyor. D\u00f6rt, be\u015f y\u0131ll\u0131k fidanlar\u0131m\u0131zdan ben ge\u00e7ti\u011fimiz y\u0131l y\u00fcksek verim alm\u0131\u015ft\u0131m. Ancak bu y\u0131l ya\u015fad\u0131\u011f\u0131m\u0131z so\u011fuklar nedeniyle verim \u00e7ok d\u00fc\u015ft\u00fc. B\u00f6lgemizin iklimi, nemi, havas\u0131 bu cins erik yeti\u015ftirmek i\u00e7in \u00e7ok elveri\u015fli. Erik almak i\u00e7in Bursa, Denizli ve Ayd\u0131n b\u00f6lgesinden toptan al\u0131c\u0131lar geliyor. Allah bereketli \u00fcr\u00fcnler versin&#8221; dedi.<br \/><\/p>\n","protected":false},"excerpt":{"rendered":"<p>Denizli\u2019nin Buldan il\u00e7esinin en y\u00fcksek rak\u0131ml\u0131 b\u00f6lgelerinden olan S\u00fcleymanl\u0131 Yaylas\u0131nda yeti\u015fen erikler b\u00fcy\u00fckl\u00fc\u011f\u00fc ile dikkat \u00e7ekiyor. \u00dcreticiler ge\u00e7ti\u011fimiz y\u0131la oranla bu y\u0131l verimin d\u00fc\u015f\u00fck ancak kalitenin y\u00fcksek oldu\u011funu ifade etti. Denizli\u2019nin Buldan il\u00e7esinin en y\u00fcksek rak\u0131ml\u0131 b\u00f6lgelerinden olan S\u00fcleymanl\u0131 Yaylas\u0131nda yeti\u015ftirilen erik hasatlar\u0131 devam ediyor. \u00dcreticiler bahar aylar\u0131ndan g\u00f6r\u00fclen a\u015f\u0131r\u0131 so\u011fuklardan dolay\u0131 iri eriklerde verimin&#8230;<\/p>\n","protected":false},"author":1,"featured_media":46910,"comment_status":"open","ping_status":"open","sticky":false,"template":"","format":"standard","meta":{"_crdt_document":"","footnotes":""},"categories":[1],"tags":[],"class_list":["post-46909","post","type-post","status-publish","format-standard","has-post-thumbnail","hentry","category-guncel"],"_links":{"self":[{"href":"https:\/\/www.egemtv.com\/index.php?rest_route=\/wp\/v2\/posts\/46909","targetHints":{"allow":["GET"]}}],"collection":[{"href":"https:\/\/www.egemtv.com\/index.php?rest_route=\/wp\/v2\/posts"}],"about":[{"href":"https:\/\/www.egemtv.com\/index.php?rest_route=\/wp\/v2\/types\/post"}],"author":[{"embeddable":true,"href":"https:\/\/www.egemtv.com\/index.php?rest_route=\/wp\/v2\/users\/1"}],"replies":[{"embeddable":true,"href":"https:\/\/www.egemtv.com\/index.php?rest_route=%2Fwp%2Fv2%2Fcomments&post=46909"}],"version-history":[{"count":1,"href":"https:\/\/www.egemtv.com\/index.php?rest_route=\/wp\/v2\/posts\/46909\/revisions"}],"predecessor-version":[{"id":46911,"href":"https:\/\/www.egemtv.com\/index.php?rest_route=\/wp\/v2\/posts\/46909\/revisions\/46911"}],"wp:featuredmedia":[{"embeddable":true,"href":"https:\/\/www.egemtv.com\/index.php?rest_route=\/wp\/v2\/media\/46910"}],"wp:attachment":[{"href":"https:\/\/www.egemtv.com\/index.php?rest_route=%2Fwp%2Fv2%2Fmedia&parent=46909"}],"wp:term":[{"taxonomy":"category","embeddable":true,"href":"https:\/\/www.egemtv.com\/index.php?rest_route=%2Fwp%2Fv2%2Fcategories&post=46909"},{"taxonomy":"post_tag","embeddable":true,"href":"https:\/\/www.egemtv.com\/index.php?rest_route=%2Fwp%2Fv2%2Ftags&post=46909"}],"curies":[{"name":"wp","href":"https:\/\/api.w.org\/{rel}","templated":true}]}}