{"id":46900,"date":"2025-08-05T13:14:56","date_gmt":"2025-08-05T10:14:56","guid":{"rendered":"https:\/\/www.egemtv.com\/?p=46900"},"modified":"2025-08-05T13:14:57","modified_gmt":"2025-08-05T10:14:57","slug":"il-ozel-idaresinin-arac-filosuna-15-yeni-arac-katildi","status":"publish","type":"post","link":"https:\/\/www.egemtv.com\/?p=46900","title":{"rendered":"\u0130l \u00d6zel \u0130daresi\u2019nin ara\u00e7 filosuna 15 yeni ara\u00e7 kat\u0131ld\u0131"},"content":{"rendered":"<p>Afyonkarahisar \u0130l \u00d6zel \u0130daresi\u2019nin ara\u00e7 filosuna 15 yeni ara\u00e7 kat\u0131ld\u0131.<br \/>\n<br \/>Vali Do\u00e7. Dr. K\u00fcbra G\u00fcran Yi\u011fitba\u015f\u0131, Afyonkarahisar \u0130l \u00d6zel \u0130daresi ve \u00c7evre Hizmetleri Birli\u011fi taraf\u0131ndan al\u0131nan ara\u00e7lar\u0131n teslimi dolay\u0131s\u0131yla d\u00fczenlenen ara\u00e7 da\u011f\u0131t\u0131m program\u0131na kat\u0131ld\u0131.<br \/>\n<br \/>Afyonkarahisar \u0130l \u00d6zel \u0130daresi\u2019nde ger\u00e7ekle\u015ftirilen t\u00f6rende AK Parti Milletvekili ve TBMM Ba\u015fkanl\u0131k Divan\u0131 Katip \u00dcyesi \u0130brahim Yurdunuseven, AK Parti Milletvekili Dr. Hasan Arslan ile protokol \u00fcyeleri de yer ald\u0131.<br \/>\n<br \/>Program \u00e7er\u00e7evesinde \u00c7evre Hizmetleri Birli\u011fi taraf\u0131ndan al\u0131nan 7 adet \u00e7ekici t\u0131r ile \u0130l \u00d6zel \u0130daresi taraf\u0131ndan al\u0131nan 3 adet \u00e7\u00f6p kamyonu, 1 adet su tankeri ve 4 adet loder ilgili kurumlara teslim edilerek kamu hizmetine kazand\u0131r\u0131ld\u0131.<br \/>\n<br \/>Bu yat\u0131r\u0131mlarla k\u00f6ylerimize su ta\u015f\u0131ma kapasitesinin art\u0131r\u0131lmas\u0131, \u00e7evre temizli\u011finin daha etkin bir \u015fekilde y\u00fcr\u00fct\u00fclmesi ve k\u0131rsal b\u00f6lgelerde ya\u015fam kalitesinin y\u00fckseltilmesi hedefleniyor.<br \/><\/p>\n","protected":false},"excerpt":{"rendered":"<p>Afyonkarahisar \u0130l \u00d6zel \u0130daresi\u2019nin ara\u00e7 filosuna 15 yeni ara\u00e7 kat\u0131ld\u0131. Vali Do\u00e7. Dr. K\u00fcbra G\u00fcran Yi\u011fitba\u015f\u0131, Afyonkarahisar \u0130l \u00d6zel \u0130daresi ve \u00c7evre Hizmetleri Birli\u011fi taraf\u0131ndan al\u0131nan ara\u00e7lar\u0131n teslimi dolay\u0131s\u0131yla d\u00fczenlenen ara\u00e7 da\u011f\u0131t\u0131m program\u0131na kat\u0131ld\u0131. Afyonkarahisar \u0130l \u00d6zel \u0130daresi\u2019nde ger\u00e7ekle\u015ftirilen t\u00f6rende AK Parti Milletvekili ve TBMM Ba\u015fkanl\u0131k Divan\u0131 Katip \u00dcyesi \u0130brahim Yurdunuseven, AK Parti Milletvekili Dr&#8230;.<\/p>\n","protected":false},"author":1,"featured_media":46901,"comment_status":"open","ping_status":"open","sticky":false,"template":"","format":"standard","meta":{"_crdt_document":"","footnotes":""},"categories":[1],"tags":[],"class_list":["post-46900","post","type-post","status-publish","format-standard","has-post-thumbnail","hentry","category-guncel"],"_links":{"self":[{"href":"https:\/\/www.egemtv.com\/index.php?rest_route=\/wp\/v2\/posts\/46900","targetHints":{"allow":["GET"]}}],"collection":[{"href":"https:\/\/www.egemtv.com\/index.php?rest_route=\/wp\/v2\/posts"}],"about":[{"href":"https:\/\/www.egemtv.com\/index.php?rest_route=\/wp\/v2\/types\/post"}],"author":[{"embeddable":true,"href":"https:\/\/www.egemtv.com\/index.php?rest_route=\/wp\/v2\/users\/1"}],"replies":[{"embeddable":true,"href":"https:\/\/www.egemtv.com\/index.php?rest_route=%2Fwp%2Fv2%2Fcomments&post=46900"}],"version-history":[{"count":1,"href":"https:\/\/www.egemtv.com\/index.php?rest_route=\/wp\/v2\/posts\/46900\/revisions"}],"predecessor-version":[{"id":46902,"href":"https:\/\/www.egemtv.com\/index.php?rest_route=\/wp\/v2\/posts\/46900\/revisions\/46902"}],"wp:featuredmedia":[{"embeddable":true,"href":"https:\/\/www.egemtv.com\/index.php?rest_route=\/wp\/v2\/media\/46901"}],"wp:attachment":[{"href":"https:\/\/www.egemtv.com\/index.php?rest_route=%2Fwp%2Fv2%2Fmedia&parent=46900"}],"wp:term":[{"taxonomy":"category","embeddable":true,"href":"https:\/\/www.egemtv.com\/index.php?rest_route=%2Fwp%2Fv2%2Fcategories&post=46900"},{"taxonomy":"post_tag","embeddable":true,"href":"https:\/\/www.egemtv.com\/index.php?rest_route=%2Fwp%2Fv2%2Ftags&post=46900"}],"curies":[{"name":"wp","href":"https:\/\/api.w.org\/{rel}","templated":true}]}}