{"id":46897,"date":"2025-08-05T13:14:55","date_gmt":"2025-08-05T10:14:55","guid":{"rendered":"https:\/\/www.egemtv.com\/?p=46897"},"modified":"2025-08-05T13:14:56","modified_gmt":"2025-08-05T10:14:56","slug":"koycegiz-sazliklarda-yangin","status":"publish","type":"post","link":"https:\/\/www.egemtv.com\/?p=46897","title":{"rendered":"K\u00f6yce\u011fiz sazl\u0131klarda yang\u0131n"},"content":{"rendered":"<p>Mu\u011fla\u2019n\u0131n K\u00f6yce\u011fiz il\u00e7esinde \u00f6\u011fle saatlerinde sazl\u0131k alanda ba\u015flayan yang\u0131na ekiplerin m\u00fcdahalesi devam ediyor.<br \/>\n<br \/>K\u00f6yce\u011fiz il\u00e7esi Hamitk\u00f6y Mahallesi yak\u0131nlar\u0131nda, sazl\u0131k alanda \u00f6\u011fle saatlerinde yang\u0131n \u00e7\u0131kt\u0131. Yang\u0131n b\u00f6lgesine Orman B\u00f6lge M\u00fcd\u00fcrl\u00fc\u011f\u00fc ve Mu\u011fla B\u00fcy\u00fck\u015fehir Belediyesi itfaiye ekipleri sevk edildi. Yang\u0131na ekiplerin m\u00fcdahalesi devam ediyor.<br \/><\/p>\n","protected":false},"excerpt":{"rendered":"<p>Mu\u011fla\u2019n\u0131n K\u00f6yce\u011fiz il\u00e7esinde \u00f6\u011fle saatlerinde sazl\u0131k alanda ba\u015flayan yang\u0131na ekiplerin m\u00fcdahalesi devam ediyor. K\u00f6yce\u011fiz il\u00e7esi Hamitk\u00f6y Mahallesi yak\u0131nlar\u0131nda, sazl\u0131k alanda \u00f6\u011fle saatlerinde yang\u0131n \u00e7\u0131kt\u0131. Yang\u0131n b\u00f6lgesine Orman B\u00f6lge M\u00fcd\u00fcrl\u00fc\u011f\u00fc ve Mu\u011fla B\u00fcy\u00fck\u015fehir Belediyesi itfaiye ekipleri sevk edildi. Yang\u0131na ekiplerin m\u00fcdahalesi devam ediyor.<\/p>\n","protected":false},"author":1,"featured_media":46898,"comment_status":"open","ping_status":"open","sticky":false,"template":"","format":"standard","meta":{"_crdt_document":"","footnotes":""},"categories":[5],"tags":[],"class_list":["post-46897","post","type-post","status-publish","format-standard","has-post-thumbnail","hentry","category-asayis"],"_links":{"self":[{"href":"https:\/\/www.egemtv.com\/index.php?rest_route=\/wp\/v2\/posts\/46897","targetHints":{"allow":["GET"]}}],"collection":[{"href":"https:\/\/www.egemtv.com\/index.php?rest_route=\/wp\/v2\/posts"}],"about":[{"href":"https:\/\/www.egemtv.com\/index.php?rest_route=\/wp\/v2\/types\/post"}],"author":[{"embeddable":true,"href":"https:\/\/www.egemtv.com\/index.php?rest_route=\/wp\/v2\/users\/1"}],"replies":[{"embeddable":true,"href":"https:\/\/www.egemtv.com\/index.php?rest_route=%2Fwp%2Fv2%2Fcomments&post=46897"}],"version-history":[{"count":1,"href":"https:\/\/www.egemtv.com\/index.php?rest_route=\/wp\/v2\/posts\/46897\/revisions"}],"predecessor-version":[{"id":46899,"href":"https:\/\/www.egemtv.com\/index.php?rest_route=\/wp\/v2\/posts\/46897\/revisions\/46899"}],"wp:featuredmedia":[{"embeddable":true,"href":"https:\/\/www.egemtv.com\/index.php?rest_route=\/wp\/v2\/media\/46898"}],"wp:attachment":[{"href":"https:\/\/www.egemtv.com\/index.php?rest_route=%2Fwp%2Fv2%2Fmedia&parent=46897"}],"wp:term":[{"taxonomy":"category","embeddable":true,"href":"https:\/\/www.egemtv.com\/index.php?rest_route=%2Fwp%2Fv2%2Fcategories&post=46897"},{"taxonomy":"post_tag","embeddable":true,"href":"https:\/\/www.egemtv.com\/index.php?rest_route=%2Fwp%2Fv2%2Ftags&post=46897"}],"curies":[{"name":"wp","href":"https:\/\/api.w.org\/{rel}","templated":true}]}}