{"id":46894,"date":"2025-08-05T12:54:59","date_gmt":"2025-08-05T09:54:59","guid":{"rendered":"https:\/\/www.egemtv.com\/?p=46894"},"modified":"2025-08-05T12:55:00","modified_gmt":"2025-08-05T09:55:00","slug":"tavas-belediyesi-ilkokul-ogrencilerine-verildigi-bisiklet-sozunu-yerine-getirecek","status":"publish","type":"post","link":"https:\/\/www.egemtv.com\/?p=46894","title":{"rendered":"Tavas Belediyesi ilkokul \u00f6\u011frencilerine verildi\u011fi bisiklet s\u00f6z\u00fcn\u00fc yerine getirecek"},"content":{"rendered":"<p>Denizli\u2019nin Tavas il\u00e7esine ilkokul \u00f6\u011frencilerine Tavas Belediyesi taraf\u0131ndan verilen bisiklet s\u00f6z\u00fc bakanl\u0131\u011f\u0131n\u0131n iznine tak\u0131ld\u0131. \u0130zin dilek\u00e7esine bir t\u00fcrl\u00fc onay \u00e7\u0131kmad\u0131\u011f\u0131n\u0131 belirten Ba\u015fkan Tat\u0131k, &#8220;Adil ve e\u015fit uygulamalar\u0131n \u00f6n\u00fcndeki bu t\u00fcr engellerin bir an \u00f6nce son bulmas\u0131n\u0131 temenni ediyor; izin s\u00fcreci tamamlan\u0131r tamamlanmaz bisikletlerimizi \u00e7ocuklar\u0131m\u0131za ula\u015ft\u0131raca\u011f\u0131z&#8221; dedi.<\/p>\n<p>Denizli\u2019nin Tavas il\u00e7esinde ilkokulu \u00f6\u011frencilerine Tavas Belediyesi taraf\u0131ndan verilen bisiklet s\u00f6z\u00fc \u00c7evre ve \u015eehircilik Bakanl\u0131\u011f\u0131\u2019n\u0131n iznine tak\u0131ld\u0131. Ge\u00e7ti\u011fimiz y\u0131l belediye meclisinde al\u0131nan karar ile Tavas Belediyesi taraf\u0131ndan ilkokul \u00f6\u011frencilerine bisiklet hediye edilmesi kararla\u015ft\u0131r\u0131lm\u0131\u015ft\u0131. Bu kapsamda \u00c7evre ve \u015eehircilik Bakanl\u0131\u011f\u0131na 09 May\u0131s ay\u0131nda izin dilek\u00e7esi g\u00f6nderen Tavas Belediyesi, dilek\u00e7esine cevap gelmedi. Tavas Belediye Ba\u015fkan\u0131 Kadir Tat\u0131k, ya\u015fanan geli\u015fmenin siyasi oldu\u011funu belirterek Tavas halk\u0131ndan gecikmeden dolay\u0131 \u00f6z\u00fcr diledi. \u0130lkokul \u00f6\u011frencilerine bisiklet da\u011f\u0131t\u0131m\u0131yla ilgili s\u00f6z verdiklerini ama izin dilek\u00e7esine bir t\u00fcrl\u00fc onay \u00e7\u0131kmad\u0131\u011f\u0131n\u0131 belirten Tat\u0131k, \u00c7evre ve \u015eehircilik Bakanl\u0131\u011f\u0131\u2019na bisiklet da\u011f\u0131t\u0131m\u0131yla ilgili g\u00f6nderilen dilek\u00e7eye halen cevap verilmedi\u011fini ve bu durumun biran \u00f6nce son bularak \u00e7ocuklara bisiklet da\u011f\u0131tmak istediklerini belirtti. Ba\u015fkan Tat\u0131k, s\u00fcrecin tamamlanmas\u0131n\u0131n ard\u0131ndan t\u00fcm ilkokul \u00f6\u011frencilerine bisiklet da\u011f\u0131tacaklar\u0131n\u0131 s\u00f6yledi.<\/p>\n<p>&#8220;\u0130zin s\u00fcreci tamamlan\u0131r tamamlanmaz bisikletlerimizi \u00e7ocuklar\u0131m\u0131za ula\u015ft\u0131raca\u011f\u0131z&#8221;<br \/>\n<br \/>Olay ile ilgili sosyal medyadan a\u00e7\u0131klamada bulunan Tavas Belediye Ba\u015fkan\u0131 Kadir Tat\u0131k, &#8220;\u0130lkokulu ba\u015far\u0131yla tamamlayan t\u00fcm \u00f6\u011frencilerimize bisiklet hediye etme s\u00f6z\u00fcm\u00fcz\u00fc yerine getirebilmek ad\u0131na gerekli izin ba\u015fvurumuzu Bakanl\u0131\u011f\u0131m\u0131za 25 Nisan 2025 ve 09 May\u0131s 2025 tarihinde ilettik. Ancak ne yaz\u0131k ki hen\u00fcz resmi onay s\u00fcreci tamamlanmad\u0131\u011f\u0131 i\u00e7in bisiklet da\u011f\u0131t\u0131m\u0131n\u0131 ger\u00e7ekle\u015ftiremedik. Bu gecikme tamamen belediyemiz d\u0131\u015f\u0131nda geli\u015fen idari bir s\u00fcre\u00e7ten kaynaklanmaktad\u0131r. Ya\u015fanan bu aksakl\u0131k sebebiyle \u00f6\u011frencilerimizden ve de\u011ferli ailelerinden i\u00e7tenlikle \u00f6z\u00fcr diliyorum. Adil ve e\u015fit uygulamalar\u0131n \u00f6n\u00fcndeki bu t\u00fcr engellerin bir an \u00f6nce son bulmas\u0131n\u0131 temenni ediyor; izin s\u00fcreci tamamlan\u0131r tamamlanmaz bisikletlerimizi \u00e7ocuklar\u0131m\u0131za ula\u015ft\u0131raca\u011f\u0131m\u0131z\u0131 t\u00fcm samimiyetimle ifade etmek istiyorum&#8221; dedi.<br \/><\/p>\n","protected":false},"excerpt":{"rendered":"<p>Denizli\u2019nin Tavas il\u00e7esine ilkokul \u00f6\u011frencilerine Tavas Belediyesi taraf\u0131ndan verilen bisiklet s\u00f6z\u00fc bakanl\u0131\u011f\u0131n\u0131n iznine tak\u0131ld\u0131. \u0130zin dilek\u00e7esine bir t\u00fcrl\u00fc onay \u00e7\u0131kmad\u0131\u011f\u0131n\u0131 belirten Ba\u015fkan Tat\u0131k, &#8220;Adil ve e\u015fit uygulamalar\u0131n \u00f6n\u00fcndeki bu t\u00fcr engellerin bir an \u00f6nce son bulmas\u0131n\u0131 temenni ediyor; izin s\u00fcreci tamamlan\u0131r tamamlanmaz bisikletlerimizi \u00e7ocuklar\u0131m\u0131za ula\u015ft\u0131raca\u011f\u0131z&#8221; dedi. Denizli\u2019nin Tavas il\u00e7esinde ilkokulu \u00f6\u011frencilerine Tavas Belediyesi taraf\u0131ndan verilen&#8230;<\/p>\n","protected":false},"author":1,"featured_media":46895,"comment_status":"open","ping_status":"open","sticky":false,"template":"","format":"standard","meta":{"_crdt_document":"","footnotes":""},"categories":[127],"tags":[],"class_list":["post-46894","post","type-post","status-publish","format-standard","has-post-thumbnail","hentry","category-siyaset"],"_links":{"self":[{"href":"https:\/\/www.egemtv.com\/index.php?rest_route=\/wp\/v2\/posts\/46894","targetHints":{"allow":["GET"]}}],"collection":[{"href":"https:\/\/www.egemtv.com\/index.php?rest_route=\/wp\/v2\/posts"}],"about":[{"href":"https:\/\/www.egemtv.com\/index.php?rest_route=\/wp\/v2\/types\/post"}],"author":[{"embeddable":true,"href":"https:\/\/www.egemtv.com\/index.php?rest_route=\/wp\/v2\/users\/1"}],"replies":[{"embeddable":true,"href":"https:\/\/www.egemtv.com\/index.php?rest_route=%2Fwp%2Fv2%2Fcomments&post=46894"}],"version-history":[{"count":1,"href":"https:\/\/www.egemtv.com\/index.php?rest_route=\/wp\/v2\/posts\/46894\/revisions"}],"predecessor-version":[{"id":46896,"href":"https:\/\/www.egemtv.com\/index.php?rest_route=\/wp\/v2\/posts\/46894\/revisions\/46896"}],"wp:featuredmedia":[{"embeddable":true,"href":"https:\/\/www.egemtv.com\/index.php?rest_route=\/wp\/v2\/media\/46895"}],"wp:attachment":[{"href":"https:\/\/www.egemtv.com\/index.php?rest_route=%2Fwp%2Fv2%2Fmedia&parent=46894"}],"wp:term":[{"taxonomy":"category","embeddable":true,"href":"https:\/\/www.egemtv.com\/index.php?rest_route=%2Fwp%2Fv2%2Fcategories&post=46894"},{"taxonomy":"post_tag","embeddable":true,"href":"https:\/\/www.egemtv.com\/index.php?rest_route=%2Fwp%2Fv2%2Ftags&post=46894"}],"curies":[{"name":"wp","href":"https:\/\/api.w.org\/{rel}","templated":true}]}}