{"id":46891,"date":"2025-08-05T12:54:58","date_gmt":"2025-08-05T09:54:58","guid":{"rendered":"https:\/\/www.egemtv.com\/?p=46891"},"modified":"2025-08-05T12:54:59","modified_gmt":"2025-08-05T09:54:59","slug":"sultanhisarda-yaz-kuran-kurslari-suruyor","status":"publish","type":"post","link":"https:\/\/www.egemtv.com\/?p=46891","title":{"rendered":"Sultanhisar\u2019da yaz Kur\u2019an kurslar\u0131 s\u00fcr\u00fcyor"},"content":{"rendered":"<p>Ayd\u0131n\u2019\u0131n Sultanhisar il\u00e7esinde yaz Kur\u2019an kurslar\u0131 yo\u011fun ilgiyle devam ederken, Sultanhisar \u0130l\u00e7e M\u00fcft\u00fcs\u00fc Yakup \u015eener Merkez K\u0131z Kur\u2019an Kursu\u2019nu ziyaret ederek e\u011fitim faaliyetlerini yerinde inceledi.<\/p>\n<p>Yaz d\u00f6neminde \u00e7ocuklar\u0131n manevi e\u011fitimi i\u00e7in a\u00e7\u0131lan Kur\u2019an kurslar\u0131na olan ilgi her ge\u00e7en g\u00fcn artarken, Sultanhisar\u2019da da kurslar dolup ta\u015f\u0131yor. \u0130l\u00e7e M\u00fcft\u00fcs\u00fc Yakup \u015eener, bu kapsamda Merkez K\u0131z Kur\u2019an Kursu\u2019nu ziyaret etti. Ziyaretinde s\u0131n\u0131flar\u0131 dola\u015farak e\u011fitim alan \u00f6\u011frencilerle tek tek ilgilenen M\u00fcft\u00fc \u015eener, \u00e7ocuklarla sohbet etti, dini ve ahlaki konularda nasihatlerde bulundu. Ziyaretin ard\u0131ndan kurs g\u00f6revlileriyle bir araya gelen M\u00fcft\u00fc \u015eener, e\u011fitim s\u00fcreci hakk\u0131nda de\u011ferlendirmelerde bulunarak, yaz Kur\u2019an kurslar\u0131n\u0131n \u00e7ocuklar\u0131n hem manevi hem de sosyal geli\u015fimi i\u00e7in \u00f6nemli bir f\u0131rsat oldu\u011funu vurgulad\u0131. Yaz Kur\u2019an kurslar\u0131n\u0131n belirlenen program do\u011frultusunda devam edece\u011fi belirtildi.<br \/><\/p>\n","protected":false},"excerpt":{"rendered":"<p>Ayd\u0131n\u2019\u0131n Sultanhisar il\u00e7esinde yaz Kur\u2019an kurslar\u0131 yo\u011fun ilgiyle devam ederken, Sultanhisar \u0130l\u00e7e M\u00fcft\u00fcs\u00fc Yakup \u015eener Merkez K\u0131z Kur\u2019an Kursu\u2019nu ziyaret ederek e\u011fitim faaliyetlerini yerinde inceledi. Yaz d\u00f6neminde \u00e7ocuklar\u0131n manevi e\u011fitimi i\u00e7in a\u00e7\u0131lan Kur\u2019an kurslar\u0131na olan ilgi her ge\u00e7en g\u00fcn artarken, Sultanhisar\u2019da da kurslar dolup ta\u015f\u0131yor. \u0130l\u00e7e M\u00fcft\u00fcs\u00fc Yakup \u015eener, bu kapsamda Merkez K\u0131z Kur\u2019an Kursu\u2019nu&#8230;<\/p>\n","protected":false},"author":1,"featured_media":46892,"comment_status":"open","ping_status":"open","sticky":false,"template":"","format":"standard","meta":{"_crdt_document":"","footnotes":""},"categories":[1],"tags":[],"class_list":["post-46891","post","type-post","status-publish","format-standard","has-post-thumbnail","hentry","category-guncel"],"_links":{"self":[{"href":"https:\/\/www.egemtv.com\/index.php?rest_route=\/wp\/v2\/posts\/46891","targetHints":{"allow":["GET"]}}],"collection":[{"href":"https:\/\/www.egemtv.com\/index.php?rest_route=\/wp\/v2\/posts"}],"about":[{"href":"https:\/\/www.egemtv.com\/index.php?rest_route=\/wp\/v2\/types\/post"}],"author":[{"embeddable":true,"href":"https:\/\/www.egemtv.com\/index.php?rest_route=\/wp\/v2\/users\/1"}],"replies":[{"embeddable":true,"href":"https:\/\/www.egemtv.com\/index.php?rest_route=%2Fwp%2Fv2%2Fcomments&post=46891"}],"version-history":[{"count":1,"href":"https:\/\/www.egemtv.com\/index.php?rest_route=\/wp\/v2\/posts\/46891\/revisions"}],"predecessor-version":[{"id":46893,"href":"https:\/\/www.egemtv.com\/index.php?rest_route=\/wp\/v2\/posts\/46891\/revisions\/46893"}],"wp:featuredmedia":[{"embeddable":true,"href":"https:\/\/www.egemtv.com\/index.php?rest_route=\/wp\/v2\/media\/46892"}],"wp:attachment":[{"href":"https:\/\/www.egemtv.com\/index.php?rest_route=%2Fwp%2Fv2%2Fmedia&parent=46891"}],"wp:term":[{"taxonomy":"category","embeddable":true,"href":"https:\/\/www.egemtv.com\/index.php?rest_route=%2Fwp%2Fv2%2Fcategories&post=46891"},{"taxonomy":"post_tag","embeddable":true,"href":"https:\/\/www.egemtv.com\/index.php?rest_route=%2Fwp%2Fv2%2Ftags&post=46891"}],"curies":[{"name":"wp","href":"https:\/\/api.w.org\/{rel}","templated":true}]}}