{"id":46888,"date":"2025-08-05T12:54:57","date_gmt":"2025-08-05T09:54:57","guid":{"rendered":"https:\/\/www.egemtv.com\/?p=46888"},"modified":"2025-08-05T12:54:58","modified_gmt":"2025-08-05T09:54:58","slug":"baskan-cercioglu-didimlileri-kultur-ve-sanatla-bulusturuyor","status":"publish","type":"post","link":"https:\/\/www.egemtv.com\/?p=46888","title":{"rendered":"Ba\u015fkan \u00c7er\u00e7io\u011flu, Didimlileri k\u00fclt\u00fcr ve sanatla bulu\u015fturuyor"},"content":{"rendered":"<p>Ayd\u0131n B\u00fcy\u00fck\u015fehir Belediyesi\u2019nin yaz ak\u015famlar\u0131n\u0131 renklendiren k\u00fclt\u00fcr ve sanat etkinlikleri, bu kez Didim\u2019de d\u00fczenlendi.<br \/>\n<br \/>Ayd\u0131n B\u00fcy\u00fck\u015fehir Belediye Ba\u015fkan\u0131 \u00d6zlem \u00c7er\u00e7io\u011flu\u2019nun \u00f6nc\u00fcl\u00fc\u011f\u00fcnde hayata ge\u00e7irilen &#8220;Yaz Konserleri&#8221; kapsam\u0131nda sahneye \u00e7\u0131kan B\u00fcy\u00fck\u015fehir Belediyesi Konservatuvar\u0131, Akb\u00fck Liman\u0131\u2019n\u0131 m\u00fczikle doldurdu.<br \/>\n<br \/>90\u2019l\u0131 y\u0131llar\u0131n sevilen par\u00e7alar\u0131ndan g\u00fcn\u00fcm\u00fcz\u00fcn hit \u015fark\u0131lar\u0131na uzanan repertuvarlar\u0131yla sahne alan B\u00fcy\u00fck\u015fehir Belediyesi Konservatuar\u0131, vatanda\u015flara unutulmaz bir gece ya\u015fatt\u0131. Didimliler ve kenti ziyaret eden turistler \u015fark\u0131lara hep bir a\u011f\u0131zdan e\u015flik etti.<br \/>\n<br \/>Etkinli\u011fe kat\u0131lan vatanda\u015flar, k\u00fclt\u00fcr ve sanat etkinliklerinden memnuniyet duyduklar\u0131n\u0131 belirterek Ba\u015fkan \u00c7er\u00e7io\u011flu\u2019na te\u015fekk\u00fcr etti.<br \/>\n<br \/>Yaz Konserleri kapsam\u0131nda bir sonraki bulu\u015fma 6 A\u011fustos \u00c7ar\u015famba g\u00fcn\u00fc saat 21.30\u2019da Didim il\u00e7esi Mavi\u015fehir Sitesi Atat\u00fcrk Park\u0131\u2019nda ger\u00e7ekle\u015fecek.<br \/><\/p>\n","protected":false},"excerpt":{"rendered":"<p>Ayd\u0131n B\u00fcy\u00fck\u015fehir Belediyesi\u2019nin yaz ak\u015famlar\u0131n\u0131 renklendiren k\u00fclt\u00fcr ve sanat etkinlikleri, bu kez Didim\u2019de d\u00fczenlendi. Ayd\u0131n B\u00fcy\u00fck\u015fehir Belediye Ba\u015fkan\u0131 \u00d6zlem \u00c7er\u00e7io\u011flu\u2019nun \u00f6nc\u00fcl\u00fc\u011f\u00fcnde hayata ge\u00e7irilen &#8220;Yaz Konserleri&#8221; kapsam\u0131nda sahneye \u00e7\u0131kan B\u00fcy\u00fck\u015fehir Belediyesi Konservatuvar\u0131, Akb\u00fck Liman\u0131\u2019n\u0131 m\u00fczikle doldurdu. 90\u2019l\u0131 y\u0131llar\u0131n sevilen par\u00e7alar\u0131ndan g\u00fcn\u00fcm\u00fcz\u00fcn hit \u015fark\u0131lar\u0131na uzanan repertuvarlar\u0131yla sahne alan B\u00fcy\u00fck\u015fehir Belediyesi Konservatuar\u0131, vatanda\u015flara unutulmaz bir gece ya\u015fatt\u0131. Didimliler&#8230;<\/p>\n","protected":false},"author":1,"featured_media":46889,"comment_status":"open","ping_status":"open","sticky":false,"template":"","format":"standard","meta":{"_crdt_document":"","footnotes":""},"categories":[1],"tags":[],"class_list":["post-46888","post","type-post","status-publish","format-standard","has-post-thumbnail","hentry","category-guncel"],"_links":{"self":[{"href":"https:\/\/www.egemtv.com\/index.php?rest_route=\/wp\/v2\/posts\/46888","targetHints":{"allow":["GET"]}}],"collection":[{"href":"https:\/\/www.egemtv.com\/index.php?rest_route=\/wp\/v2\/posts"}],"about":[{"href":"https:\/\/www.egemtv.com\/index.php?rest_route=\/wp\/v2\/types\/post"}],"author":[{"embeddable":true,"href":"https:\/\/www.egemtv.com\/index.php?rest_route=\/wp\/v2\/users\/1"}],"replies":[{"embeddable":true,"href":"https:\/\/www.egemtv.com\/index.php?rest_route=%2Fwp%2Fv2%2Fcomments&post=46888"}],"version-history":[{"count":1,"href":"https:\/\/www.egemtv.com\/index.php?rest_route=\/wp\/v2\/posts\/46888\/revisions"}],"predecessor-version":[{"id":46890,"href":"https:\/\/www.egemtv.com\/index.php?rest_route=\/wp\/v2\/posts\/46888\/revisions\/46890"}],"wp:featuredmedia":[{"embeddable":true,"href":"https:\/\/www.egemtv.com\/index.php?rest_route=\/wp\/v2\/media\/46889"}],"wp:attachment":[{"href":"https:\/\/www.egemtv.com\/index.php?rest_route=%2Fwp%2Fv2%2Fmedia&parent=46888"}],"wp:term":[{"taxonomy":"category","embeddable":true,"href":"https:\/\/www.egemtv.com\/index.php?rest_route=%2Fwp%2Fv2%2Fcategories&post=46888"},{"taxonomy":"post_tag","embeddable":true,"href":"https:\/\/www.egemtv.com\/index.php?rest_route=%2Fwp%2Fv2%2Ftags&post=46888"}],"curies":[{"name":"wp","href":"https:\/\/api.w.org\/{rel}","templated":true}]}}