{"id":46885,"date":"2025-08-05T12:54:56","date_gmt":"2025-08-05T09:54:56","guid":{"rendered":"https:\/\/www.egemtv.com\/?p=46885"},"modified":"2025-08-05T12:54:57","modified_gmt":"2025-08-05T09:54:57","slug":"turkiye-sampiyonu-olan-takim-sehir-turu-atti","status":"publish","type":"post","link":"https:\/\/www.egemtv.com\/?p=46885","title":{"rendered":"T\u00fcrkiye \u015fampiyonu olan tak\u0131m \u015fehir turu att\u0131"},"content":{"rendered":"<p>T\u00fcrkiye \u015fampiyonu olan Yunusemre Belediyespor U17 Futbol Tak\u0131m\u0131, d\u00fczenlenen organizasyonla \u015fehir turu att\u0131. Vatanda\u015flar\u0131n yo\u011fun ilgi g\u00f6sterdi\u011fi 15 Temmuz Demokrasi Meydan\u0131ndaki kutlamada konu\u015fan Yunusemre Belediye Ba\u015fkan\u0131 Semih Balaban, \u015fampiyonlu\u011fu t\u00fcm Manisa\u2019ya arma\u011fan ederek eme\u011fi ge\u00e7en herkese te\u015fekk\u00fcr etti.<br \/>\n<br \/>T\u00fcrkiye \u015fampiyonu olarak Manisa futbolunda tarihi bir ba\u015far\u0131ya imza atan Yunusemre Belediyespor U17 Futbol Tak\u0131m\u0131, d\u00fczenlenen organizasyonla \u015fehir turu att\u0131. Yunusemre Belediyesi\u2019nden ba\u015flay\u0131p Karak\u00f6y, Sultan Camii, Alaybey ve 15 Temmuz Demokrasi Meydan\u0131\u2019na kadar devam eden \u015fehir turunda gurur dolu anlar ya\u015fand\u0131. Gen\u00e7 futbolcular m\u00fczik e\u015fli\u011finde e\u011flenerek \u015fampiyonlu\u011fu doyas\u0131ya ya\u015fad\u0131. Vatanda\u015flar da gen\u00e7leri selamlayarak tebrik etti.<br \/>\n<br \/>Yunusemre Belediye Ba\u015fkan\u0131 Semih Balaban meydanda yapt\u0131\u011f\u0131 konu\u015fmada, \u015fampiyonlu\u011fu t\u00fcm Manisa\u2019ya arma\u011fan ettiklerini s\u00f6yledi. Ba\u015fkan Balaban \u015f\u00f6yle konu\u015ftu: &#8220;Bu k\u0131ymetli \u015fampiyonlu\u011fu CHP Genel Ba\u015fkan\u0131m\u0131z \u00d6zg\u00fcr \u00d6zel\u2019e, CHP Manisa \u0130l Ba\u015fkan\u0131m\u0131z \u0130lksen \u00d6zalper\u2019e, B\u00fcy\u00fck\u015fehir Belediye Ba\u015fkan\u0131m\u0131z Besim Dutlulu\u2019ya, merhum B\u00fcy\u00fck\u015fehir Belediye Ba\u015fkan\u0131m\u0131z Ferdi Zeyrek\u2019e arma\u011fan ediyoruz. Bu zafer, Yunusemre\u2019nin gen\u00e7lerine duydu\u011fu inanc\u0131n ve \u2019Daha Sportif Yunusemre\u2019 hedefimizin eseridir.&#8221;<br \/>\n<br \/>U17 Futbol Tak\u0131m\u0131 Teknik Direkt\u00f6r\u00fc Birol Yi\u011fit ve Tak\u0131m Kaptan\u0131 Abdullah Karacan da mutlu olduklar\u0131n\u0131 belirterek hedeflere inanarak ve \u00e7al\u0131\u015farak ula\u015ft\u0131klar\u0131n\u0131 kaydetti. Yunusemre Belediyespor Kul\u00fcp Ba\u015fkan\u0131 B\u00fclent Kanik ise gen\u00e7lerin gelece\u011finin parlak oldu\u011funun alt\u0131n\u0131 \u00e7izerek, &#8220;Bu \u00e7ocuklar her \u015feyi hak ediyor. Onlar\u0131n her zaman yan\u0131nday\u0131z. Bizlere destek olan Yunusemre Belediye Ba\u015fkan\u0131m\u0131z Semih Balaban\u2019a ve eme\u011fi ge\u00e7en herkese te\u015fekk\u00fcr ediyoruz&#8221; diye konu\u015ftu.<br \/>\n<br \/>Yunusemre Belediye Ba\u015fkan Yard\u0131mc\u0131s\u0131 Hakan G\u00fcrtunca da zoru ba\u015fard\u0131klar\u0131n\u0131 kaydederek, &#8220;Hep birlikte bir \u015fehrin hayalini ger\u00e7ekle\u015ftirdik. \u0130nand\u0131k, y\u0131lmad\u0131k, \u00e7al\u0131\u015ft\u0131k ve ba\u015fard\u0131k&#8221; dedi.<br \/>\n<br \/>Son olarak s\u00f6z alan Cumhuriyet Halk Partisi \u0130l Ba\u015fkan\u0131 \u0130lksen \u00d6zalper de ba\u015far\u0131da eme\u011fi ge\u00e7enlere te\u015fekk\u00fcr ederek Ferdi Zeyrek\u2019in hat\u0131ralar\u0131n\u0131 ya\u015fatmaya devam edeceklerini s\u00f6yledi. \u00d6zalper konu\u015fmas\u0131nda \u015fu ifadelere yer verdi: &#8220;31 Mart\u2019ta t\u00fcm Manisa olarak bir hayal kurmu\u015ftuk ve o hayale ad\u0131m ad\u0131m yakla\u015f\u0131yoruz. Ancak biraz eksi\u011fiz, biraz yaln\u0131z\u0131z, biraz buru\u011fuz, g\u00f6zlerimiz dolu dolu. Ferdi Ba\u015fkan\u0131 hepimiz \u00e7ok \u00f6zl\u00fcyoruz. Onun hayalindeki Manisa i\u00e7in t\u00fcm il\u00e7e ba\u015fkanlar\u0131m\u0131zla, belediye ba\u015fkanlar\u0131m\u0131zla, sporcular\u0131m\u0131zla, sanat\u00e7\u0131lar\u0131m\u0131zla m\u00fccadeleye devam edece\u011fiz. Ferdi Ba\u015fkan \u2019Benim g\u00fczel Manisa\u2019m\u2019 derdi. Manisa\u2019n\u0131n g\u00fczel insanlar\u0131na ve eme\u011fi ge\u00e7en herkese te\u015fekk\u00fcr ediyorum. Bu kupa \u2019Ke\u015fke yan\u0131m\u0131zda olsayd\u0131\u2019 dedi\u011fimiz Ferdi Ba\u015fkan\u0131m\u0131za arma\u011fan olsun.&#8221;<br \/>\n<br \/>Konu\u015fmalar\u0131n ard\u0131ndan \u015fehir turu Malta ve Laleli g\u00fczergah\u0131ndan devam edip Yunusemre Belediyesi\u2019nde son buldu.<br \/><\/p>\n","protected":false},"excerpt":{"rendered":"<p>T\u00fcrkiye \u015fampiyonu olan Yunusemre Belediyespor U17 Futbol Tak\u0131m\u0131, d\u00fczenlenen organizasyonla \u015fehir turu att\u0131. Vatanda\u015flar\u0131n yo\u011fun ilgi g\u00f6sterdi\u011fi 15 Temmuz Demokrasi Meydan\u0131ndaki kutlamada konu\u015fan Yunusemre Belediye Ba\u015fkan\u0131 Semih Balaban, \u015fampiyonlu\u011fu t\u00fcm Manisa\u2019ya arma\u011fan ederek eme\u011fi ge\u00e7en herkese te\u015fekk\u00fcr etti. T\u00fcrkiye \u015fampiyonu olarak Manisa futbolunda tarihi bir ba\u015far\u0131ya imza atan Yunusemre Belediyespor U17 Futbol Tak\u0131m\u0131, d\u00fczenlenen organizasyonla&#8230;<\/p>\n","protected":false},"author":1,"featured_media":46886,"comment_status":"open","ping_status":"open","sticky":false,"template":"","format":"standard","meta":{"_crdt_document":"","footnotes":""},"categories":[4],"tags":[],"class_list":["post-46885","post","type-post","status-publish","format-standard","has-post-thumbnail","hentry","category-spor"],"_links":{"self":[{"href":"https:\/\/www.egemtv.com\/index.php?rest_route=\/wp\/v2\/posts\/46885","targetHints":{"allow":["GET"]}}],"collection":[{"href":"https:\/\/www.egemtv.com\/index.php?rest_route=\/wp\/v2\/posts"}],"about":[{"href":"https:\/\/www.egemtv.com\/index.php?rest_route=\/wp\/v2\/types\/post"}],"author":[{"embeddable":true,"href":"https:\/\/www.egemtv.com\/index.php?rest_route=\/wp\/v2\/users\/1"}],"replies":[{"embeddable":true,"href":"https:\/\/www.egemtv.com\/index.php?rest_route=%2Fwp%2Fv2%2Fcomments&post=46885"}],"version-history":[{"count":1,"href":"https:\/\/www.egemtv.com\/index.php?rest_route=\/wp\/v2\/posts\/46885\/revisions"}],"predecessor-version":[{"id":46887,"href":"https:\/\/www.egemtv.com\/index.php?rest_route=\/wp\/v2\/posts\/46885\/revisions\/46887"}],"wp:featuredmedia":[{"embeddable":true,"href":"https:\/\/www.egemtv.com\/index.php?rest_route=\/wp\/v2\/media\/46886"}],"wp:attachment":[{"href":"https:\/\/www.egemtv.com\/index.php?rest_route=%2Fwp%2Fv2%2Fmedia&parent=46885"}],"wp:term":[{"taxonomy":"category","embeddable":true,"href":"https:\/\/www.egemtv.com\/index.php?rest_route=%2Fwp%2Fv2%2Fcategories&post=46885"},{"taxonomy":"post_tag","embeddable":true,"href":"https:\/\/www.egemtv.com\/index.php?rest_route=%2Fwp%2Fv2%2Ftags&post=46885"}],"curies":[{"name":"wp","href":"https:\/\/api.w.org\/{rel}","templated":true}]}}