{"id":46882,"date":"2025-08-05T12:36:00","date_gmt":"2025-08-05T09:36:00","guid":{"rendered":"https:\/\/www.egemtv.com\/?p=46882"},"modified":"2025-08-05T12:36:02","modified_gmt":"2025-08-05T09:36:02","slug":"bodrum-ve-marmariste-112-motorize-ekipleri-gorevlendirildi","status":"publish","type":"post","link":"https:\/\/www.egemtv.com\/?p=46882","title":{"rendered":"Bodrum ve Marmaris\u2019te 112 motorize ekipleri g\u00f6revlendirildi"},"content":{"rendered":"<p>Mu\u011fla \u0130l Sa\u011fl\u0131k M\u00fcd\u00fcrl\u00fc\u011f\u00fc\u2019ne ba\u011fl\u0131 hizmet veren Motosikletli 112 Acil sa\u011fl\u0131k ekiplerine iki yeni ekip daha eklendi. Daha \u00f6nce Fethiye\u2019de hizmet veren motosikletli ekiplerin ard\u0131ndan, 1 A\u011fustos\u2019tan itibaren Bodrum ve Marmaris\u2019te de g\u00f6revlerine ba\u015flayan ekipler, \u00f6zellikle ambulanslar\u0131n ula\u015fmakta g\u00fc\u00e7l\u00fck \u00e7ekti\u011fi dar sokaklar, yo\u011fun yaya trafi\u011fi olan b\u00f6lgeler ve trafi\u011fin s\u0131k\u0131\u015f\u0131k oldu\u011fu alanlarda acil sa\u011fl\u0131k hizmetlerine h\u0131z kazand\u0131r\u0131yor.<br \/>\n<br \/>Yeni g\u00f6revlendirilen motosikletli 112 ekipleri, olay yerine daha k\u0131sa s\u00fcrede ula\u015farak, ambulans gelene kadar hayati \u00f6nem ta\u015f\u0131yan ilk m\u00fcdahaleleri zaman\u0131nda ger\u00e7ekle\u015ftirmekte ve sa\u011fl\u0131k hizmetlerinin etkinli\u011fini artt\u0131rmas\u0131 bekleniyor.<br \/><\/p>\n","protected":false},"excerpt":{"rendered":"<p>Mu\u011fla \u0130l Sa\u011fl\u0131k M\u00fcd\u00fcrl\u00fc\u011f\u00fc\u2019ne ba\u011fl\u0131 hizmet veren Motosikletli 112 Acil sa\u011fl\u0131k ekiplerine iki yeni ekip daha eklendi. Daha \u00f6nce Fethiye\u2019de hizmet veren motosikletli ekiplerin ard\u0131ndan, 1 A\u011fustos\u2019tan itibaren Bodrum ve Marmaris\u2019te de g\u00f6revlerine ba\u015flayan ekipler, \u00f6zellikle ambulanslar\u0131n ula\u015fmakta g\u00fc\u00e7l\u00fck \u00e7ekti\u011fi dar sokaklar, yo\u011fun yaya trafi\u011fi olan b\u00f6lgeler ve trafi\u011fin s\u0131k\u0131\u015f\u0131k oldu\u011fu alanlarda acil sa\u011fl\u0131k hizmetlerine&#8230;<\/p>\n","protected":false},"author":1,"featured_media":46883,"comment_status":"open","ping_status":"open","sticky":false,"template":"","format":"standard","meta":{"_crdt_document":"","footnotes":""},"categories":[2],"tags":[],"class_list":["post-46882","post","type-post","status-publish","format-standard","has-post-thumbnail","hentry","category-saglik"],"_links":{"self":[{"href":"https:\/\/www.egemtv.com\/index.php?rest_route=\/wp\/v2\/posts\/46882","targetHints":{"allow":["GET"]}}],"collection":[{"href":"https:\/\/www.egemtv.com\/index.php?rest_route=\/wp\/v2\/posts"}],"about":[{"href":"https:\/\/www.egemtv.com\/index.php?rest_route=\/wp\/v2\/types\/post"}],"author":[{"embeddable":true,"href":"https:\/\/www.egemtv.com\/index.php?rest_route=\/wp\/v2\/users\/1"}],"replies":[{"embeddable":true,"href":"https:\/\/www.egemtv.com\/index.php?rest_route=%2Fwp%2Fv2%2Fcomments&post=46882"}],"version-history":[{"count":1,"href":"https:\/\/www.egemtv.com\/index.php?rest_route=\/wp\/v2\/posts\/46882\/revisions"}],"predecessor-version":[{"id":46884,"href":"https:\/\/www.egemtv.com\/index.php?rest_route=\/wp\/v2\/posts\/46882\/revisions\/46884"}],"wp:featuredmedia":[{"embeddable":true,"href":"https:\/\/www.egemtv.com\/index.php?rest_route=\/wp\/v2\/media\/46883"}],"wp:attachment":[{"href":"https:\/\/www.egemtv.com\/index.php?rest_route=%2Fwp%2Fv2%2Fmedia&parent=46882"}],"wp:term":[{"taxonomy":"category","embeddable":true,"href":"https:\/\/www.egemtv.com\/index.php?rest_route=%2Fwp%2Fv2%2Fcategories&post=46882"},{"taxonomy":"post_tag","embeddable":true,"href":"https:\/\/www.egemtv.com\/index.php?rest_route=%2Fwp%2Fv2%2Ftags&post=46882"}],"curies":[{"name":"wp","href":"https:\/\/api.w.org\/{rel}","templated":true}]}}