{"id":46873,"date":"2025-08-05T12:35:58","date_gmt":"2025-08-05T09:35:58","guid":{"rendered":"https:\/\/www.egemtv.com\/?p=46873"},"modified":"2025-08-05T12:35:59","modified_gmt":"2025-08-05T09:35:59","slug":"ege-universitesi-futbol-takimi-avrupanin-en-iyi-4-takimi-arasinda-yer-aldi","status":"publish","type":"post","link":"https:\/\/www.egemtv.com\/?p=46873","title":{"rendered":"Ege \u00dcniversitesi Futbol Tak\u0131m\u0131 Avrupa\u2019n\u0131n en iyi 4 tak\u0131m\u0131 aras\u0131nda yer ald\u0131"},"content":{"rendered":"<p>\u0130talya\u2019n\u0131n Camerino kentinde d\u00fczenlenen \u00dcniversiteleraras\u0131 Avrupa \u015eampiyonas\u0131nda (EUSA Football 2025) T\u00fcrkiye\u2019yi temsil eden Ege \u00dcniversitesi Futbol Tak\u0131m\u0131 d\u00f6rd\u00fcnc\u00fc oldu.<br \/>\n<br \/>Ege \u00dcniversitesi (E\u00dc) Futbol Tak\u0131m\u0131, \u0130talya\u2019n\u0131n Camerino kentinde d\u00fczenlenen 2025 \u00dcniversiteleraras\u0131 Avrupa \u015eampiyonas\u0131 (EUSA Football 2025)\u2019nda g\u00f6sterdi\u011fi ba\u015far\u0131l\u0131 performansla g\u00f6z doldurdu. Ege \u00dcniversitesi Futbol Tak\u0131m\u0131, yar\u0131 finale y\u00fckselme ba\u015far\u0131s\u0131 g\u00f6stererek Granada \u00dcniversitesi ile kar\u015f\u0131 kar\u015f\u0131ya geldi. Granada \u00dcniversitesi, Ege \u00dcniversitesi Futbol Tak\u0131m\u0131n\u0131 son penalt\u0131 at\u0131\u015f\u0131yla ma\u011flup etti. \u015eampiyonada \u00fc\u00e7\u00fcnc\u00fcl\u00fck ma\u00e7\u0131na \u00e7\u0131kan Ege \u00dcniversitesi Futbol Tak\u0131m\u0131, Rouen \u00dcniversitesine yenilerek turnuvay\u0131 d\u00f6rd\u00fcnc\u00fc olarak tamamlad\u0131.<br \/>\n<br \/>Elde edilen ba\u015far\u0131dan dolay\u0131 tak\u0131m\u0131 tebrik eden Ege \u00dcniversitesi Rekt\u00f6r\u00fc Prof. Dr. Necdet Budak, &#8220;\u0130talya\u2019n\u0131n Camerino kentinde d\u00fczenlenen Avrupa \u00dcniversiteler Futbol M\u00fcsabakas\u0131nda \u00fclkemizi ba\u015far\u0131yla temsil ederek Avrupa\u2019n\u0131n en iyi d\u00f6rt tak\u0131m\u0131 aras\u0131na giren Ege \u00dcniversitesi Futbol Tak\u0131m\u0131m\u0131z\u0131 tebrik ediyor, ba\u015far\u0131lar\u0131n devam\u0131n\u0131 diliyorum&#8221; dedi.<br \/><\/p>\n","protected":false},"excerpt":{"rendered":"<p>\u0130talya\u2019n\u0131n Camerino kentinde d\u00fczenlenen \u00dcniversiteleraras\u0131 Avrupa \u015eampiyonas\u0131nda (EUSA Football 2025) T\u00fcrkiye\u2019yi temsil eden Ege \u00dcniversitesi Futbol Tak\u0131m\u0131 d\u00f6rd\u00fcnc\u00fc oldu. Ege \u00dcniversitesi (E\u00dc) Futbol Tak\u0131m\u0131, \u0130talya\u2019n\u0131n Camerino kentinde d\u00fczenlenen 2025 \u00dcniversiteleraras\u0131 Avrupa \u015eampiyonas\u0131 (EUSA Football 2025)\u2019nda g\u00f6sterdi\u011fi ba\u015far\u0131l\u0131 performansla g\u00f6z doldurdu. Ege \u00dcniversitesi Futbol Tak\u0131m\u0131, yar\u0131 finale y\u00fckselme ba\u015far\u0131s\u0131 g\u00f6stererek Granada \u00dcniversitesi ile kar\u015f\u0131 kar\u015f\u0131ya geldi&#8230;.<\/p>\n","protected":false},"author":1,"featured_media":46874,"comment_status":"open","ping_status":"open","sticky":false,"template":"","format":"standard","meta":{"_crdt_document":"","footnotes":""},"categories":[4],"tags":[],"class_list":["post-46873","post","type-post","status-publish","format-standard","has-post-thumbnail","hentry","category-spor"],"_links":{"self":[{"href":"https:\/\/www.egemtv.com\/index.php?rest_route=\/wp\/v2\/posts\/46873","targetHints":{"allow":["GET"]}}],"collection":[{"href":"https:\/\/www.egemtv.com\/index.php?rest_route=\/wp\/v2\/posts"}],"about":[{"href":"https:\/\/www.egemtv.com\/index.php?rest_route=\/wp\/v2\/types\/post"}],"author":[{"embeddable":true,"href":"https:\/\/www.egemtv.com\/index.php?rest_route=\/wp\/v2\/users\/1"}],"replies":[{"embeddable":true,"href":"https:\/\/www.egemtv.com\/index.php?rest_route=%2Fwp%2Fv2%2Fcomments&post=46873"}],"version-history":[{"count":1,"href":"https:\/\/www.egemtv.com\/index.php?rest_route=\/wp\/v2\/posts\/46873\/revisions"}],"predecessor-version":[{"id":46875,"href":"https:\/\/www.egemtv.com\/index.php?rest_route=\/wp\/v2\/posts\/46873\/revisions\/46875"}],"wp:featuredmedia":[{"embeddable":true,"href":"https:\/\/www.egemtv.com\/index.php?rest_route=\/wp\/v2\/media\/46874"}],"wp:attachment":[{"href":"https:\/\/www.egemtv.com\/index.php?rest_route=%2Fwp%2Fv2%2Fmedia&parent=46873"}],"wp:term":[{"taxonomy":"category","embeddable":true,"href":"https:\/\/www.egemtv.com\/index.php?rest_route=%2Fwp%2Fv2%2Fcategories&post=46873"},{"taxonomy":"post_tag","embeddable":true,"href":"https:\/\/www.egemtv.com\/index.php?rest_route=%2Fwp%2Fv2%2Ftags&post=46873"}],"curies":[{"name":"wp","href":"https:\/\/api.w.org\/{rel}","templated":true}]}}