{"id":46870,"date":"2025-08-05T12:35:57","date_gmt":"2025-08-05T09:35:57","guid":{"rendered":"https:\/\/www.egemtv.com\/?p=46870"},"modified":"2025-08-05T12:35:58","modified_gmt":"2025-08-05T09:35:58","slug":"datcada-hayvanseverler-belediye-baskani-kurtu-istifaya-davet-etti","status":"publish","type":"post","link":"https:\/\/www.egemtv.com\/?p=46870","title":{"rendered":"Dat\u00e7a\u2019da hayvanseverler Belediye Ba\u015fkan\u0131 Kurt\u2019u istifaya davet etti"},"content":{"rendered":"<p>Mu\u011fla\u2019n\u0131n Dat\u00e7a il\u00e7esinde hayvanseverler se\u00e7im zaman\u0131 verilen hayvan bar\u0131na\u011f\u0131 ve di\u011fer s\u00f6zlerin yerine getirilmedi\u011fi, belediye taraf\u0131ndan hayvanlara k\u00f6t\u00fc muamele edildi\u011fi iddias\u0131yla CHP\u2019li Belediye Ba\u015fkan\u0131 Ayta\u00e7 Kurt\u2019u istifaya davet etti.<\/p>\n<p>Cumhuriyet Halk Partili Dat\u00e7a Belediye Ba\u015fkan\u0131 Ayta\u00e7 Kurt protestolar\u0131n hedefi oldu. Dat\u00e7a Belediyesi \u00f6n\u00fcnde toplanan hayvansverler Ba\u015fkan Kurt\u2019un s\u00f6z verdi\u011fi Hayvan Bar\u0131na\u011f\u0131\u2019n\u0131 yapmamas\u0131, sokak hayvanlar\u0131na yeterli \u00f6nemi vermemesi, ge\u00e7ti\u011fimiz g\u00fcnlerde toplanan e\u015feklere k\u00f6t\u00fc muamele edilmesi, belediye veterinerinin g\u00f6revini yerine getiremedi\u011fi ve benzeri sorunlar nedeniyle protestoda bulundu. Hayvanlara k\u00f6t\u00fc muamele edildi\u011fini de belirten hayvanseverler s\u00f6z\u00fcn\u00fc tutmayan Ba\u015fkan Kurt\u2019u ve g\u00f6revini tam anlam\u0131yla yapamad\u0131\u011f\u0131n\u0131 iddia ettikleri belediye veterinerini istifaya davet ederek, belediye \u00f6n\u00fcnde slogan att\u0131lar.<\/p>\n<p>Ba\u015fkan Kurt ise hayvan bar\u0131na\u011f\u0131nda \u00e7al\u0131\u015fmalar\u0131n ba\u015fland\u0131\u011f\u0131n\u0131 en k\u0131sa s\u00fcrede bitirilece\u011fini ifade etti.<br \/><\/p>\n","protected":false},"excerpt":{"rendered":"<p>Mu\u011fla\u2019n\u0131n Dat\u00e7a il\u00e7esinde hayvanseverler se\u00e7im zaman\u0131 verilen hayvan bar\u0131na\u011f\u0131 ve di\u011fer s\u00f6zlerin yerine getirilmedi\u011fi, belediye taraf\u0131ndan hayvanlara k\u00f6t\u00fc muamele edildi\u011fi iddias\u0131yla CHP\u2019li Belediye Ba\u015fkan\u0131 Ayta\u00e7 Kurt\u2019u istifaya davet etti. Cumhuriyet Halk Partili Dat\u00e7a Belediye Ba\u015fkan\u0131 Ayta\u00e7 Kurt protestolar\u0131n hedefi oldu. Dat\u00e7a Belediyesi \u00f6n\u00fcnde toplanan hayvansverler Ba\u015fkan Kurt\u2019un s\u00f6z verdi\u011fi Hayvan Bar\u0131na\u011f\u0131\u2019n\u0131 yapmamas\u0131, sokak hayvanlar\u0131na yeterli&#8230;<\/p>\n","protected":false},"author":1,"featured_media":46871,"comment_status":"open","ping_status":"open","sticky":false,"template":"","format":"standard","meta":{"_crdt_document":"","footnotes":""},"categories":[5],"tags":[],"class_list":["post-46870","post","type-post","status-publish","format-standard","has-post-thumbnail","hentry","category-asayis"],"_links":{"self":[{"href":"https:\/\/www.egemtv.com\/index.php?rest_route=\/wp\/v2\/posts\/46870","targetHints":{"allow":["GET"]}}],"collection":[{"href":"https:\/\/www.egemtv.com\/index.php?rest_route=\/wp\/v2\/posts"}],"about":[{"href":"https:\/\/www.egemtv.com\/index.php?rest_route=\/wp\/v2\/types\/post"}],"author":[{"embeddable":true,"href":"https:\/\/www.egemtv.com\/index.php?rest_route=\/wp\/v2\/users\/1"}],"replies":[{"embeddable":true,"href":"https:\/\/www.egemtv.com\/index.php?rest_route=%2Fwp%2Fv2%2Fcomments&post=46870"}],"version-history":[{"count":1,"href":"https:\/\/www.egemtv.com\/index.php?rest_route=\/wp\/v2\/posts\/46870\/revisions"}],"predecessor-version":[{"id":46872,"href":"https:\/\/www.egemtv.com\/index.php?rest_route=\/wp\/v2\/posts\/46870\/revisions\/46872"}],"wp:featuredmedia":[{"embeddable":true,"href":"https:\/\/www.egemtv.com\/index.php?rest_route=\/wp\/v2\/media\/46871"}],"wp:attachment":[{"href":"https:\/\/www.egemtv.com\/index.php?rest_route=%2Fwp%2Fv2%2Fmedia&parent=46870"}],"wp:term":[{"taxonomy":"category","embeddable":true,"href":"https:\/\/www.egemtv.com\/index.php?rest_route=%2Fwp%2Fv2%2Fcategories&post=46870"},{"taxonomy":"post_tag","embeddable":true,"href":"https:\/\/www.egemtv.com\/index.php?rest_route=%2Fwp%2Fv2%2Ftags&post=46870"}],"curies":[{"name":"wp","href":"https:\/\/api.w.org\/{rel}","templated":true}]}}