{"id":46867,"date":"2025-08-05T12:15:10","date_gmt":"2025-08-05T09:15:10","guid":{"rendered":"https:\/\/www.egemtv.com\/?p=46867"},"modified":"2025-08-05T12:15:11","modified_gmt":"2025-08-05T09:15:11","slug":"tavsanlida-takla-atan-otomobildeki-2-kisi-yaralandi","status":"publish","type":"post","link":"https:\/\/www.egemtv.com\/?p=46867","title":{"rendered":"Tav\u015fanl\u0131\u2019da takla atan otomobildeki 2 ki\u015fi yaraland\u0131"},"content":{"rendered":"<p>K\u00fctahya\u2019n\u0131n Tav\u015fanl\u0131 il\u00e7esinde seyir halindeki bir otomobilin takla atmas\u0131 sonucu meydana gelen trafik kazas\u0131nda 2 ki\u015fi yaraland\u0131.<br \/>\n<br \/>Kaza, Tav\u015fanl\u0131-K\u00fctahya karayolunda ger\u00e7ekle\u015fti. Edinilen bilgiye g\u00f6re, K\u00fctahya\u2019dan Tav\u015fanl\u0131 istikametine gitmekte olan Yusuf \u015e. idaresindeki 43 LE 014 plakal\u0131 otomobil, s\u00fcr\u00fcc\u00fcs\u00fcn\u00fcn direksiyon hakimiyetini kaybetmesi sonucu yol kenar\u0131ndaki bariyerlere \u00e7arparak takla att\u0131.<br \/>\n<br \/>\u0130hbar \u00fczerine olay yerine sa\u011fl\u0131k, itfaiye ve g\u00fcvenlik g\u00fc\u00e7leri sevk edildi. Kazada ara\u00e7ta yolcu olarak bulunan Y.\u015e. (21) ve F.E.\u015e. (10) yaraland\u0131. Yaral\u0131lar, sa\u011fl\u0131k ekiplerinin olay yerinde yapt\u0131\u011f\u0131 ilk m\u00fcdahalenin ard\u0131ndan Tav\u015fanl\u0131 Do\u00e7. Dr. Mustafa Kalemli Devlet Hastanesi\u2019ne kald\u0131r\u0131ld\u0131.<br \/><\/p>\n","protected":false},"excerpt":{"rendered":"<p>K\u00fctahya\u2019n\u0131n Tav\u015fanl\u0131 il\u00e7esinde seyir halindeki bir otomobilin takla atmas\u0131 sonucu meydana gelen trafik kazas\u0131nda 2 ki\u015fi yaraland\u0131. Kaza, Tav\u015fanl\u0131-K\u00fctahya karayolunda ger\u00e7ekle\u015fti. Edinilen bilgiye g\u00f6re, K\u00fctahya\u2019dan Tav\u015fanl\u0131 istikametine gitmekte olan Yusuf \u015e. idaresindeki 43 LE 014 plakal\u0131 otomobil, s\u00fcr\u00fcc\u00fcs\u00fcn\u00fcn direksiyon hakimiyetini kaybetmesi sonucu yol kenar\u0131ndaki bariyerlere \u00e7arparak takla att\u0131. \u0130hbar \u00fczerine olay yerine sa\u011fl\u0131k, itfaiye ve&#8230;<\/p>\n","protected":false},"author":1,"featured_media":46868,"comment_status":"open","ping_status":"open","sticky":false,"template":"","format":"standard","meta":{"_crdt_document":"","footnotes":""},"categories":[5],"tags":[],"class_list":["post-46867","post","type-post","status-publish","format-standard","has-post-thumbnail","hentry","category-asayis"],"_links":{"self":[{"href":"https:\/\/www.egemtv.com\/index.php?rest_route=\/wp\/v2\/posts\/46867","targetHints":{"allow":["GET"]}}],"collection":[{"href":"https:\/\/www.egemtv.com\/index.php?rest_route=\/wp\/v2\/posts"}],"about":[{"href":"https:\/\/www.egemtv.com\/index.php?rest_route=\/wp\/v2\/types\/post"}],"author":[{"embeddable":true,"href":"https:\/\/www.egemtv.com\/index.php?rest_route=\/wp\/v2\/users\/1"}],"replies":[{"embeddable":true,"href":"https:\/\/www.egemtv.com\/index.php?rest_route=%2Fwp%2Fv2%2Fcomments&post=46867"}],"version-history":[{"count":1,"href":"https:\/\/www.egemtv.com\/index.php?rest_route=\/wp\/v2\/posts\/46867\/revisions"}],"predecessor-version":[{"id":46869,"href":"https:\/\/www.egemtv.com\/index.php?rest_route=\/wp\/v2\/posts\/46867\/revisions\/46869"}],"wp:featuredmedia":[{"embeddable":true,"href":"https:\/\/www.egemtv.com\/index.php?rest_route=\/wp\/v2\/media\/46868"}],"wp:attachment":[{"href":"https:\/\/www.egemtv.com\/index.php?rest_route=%2Fwp%2Fv2%2Fmedia&parent=46867"}],"wp:term":[{"taxonomy":"category","embeddable":true,"href":"https:\/\/www.egemtv.com\/index.php?rest_route=%2Fwp%2Fv2%2Fcategories&post=46867"},{"taxonomy":"post_tag","embeddable":true,"href":"https:\/\/www.egemtv.com\/index.php?rest_route=%2Fwp%2Fv2%2Ftags&post=46867"}],"curies":[{"name":"wp","href":"https:\/\/api.w.org\/{rel}","templated":true}]}}