{"id":46864,"date":"2025-08-05T12:15:10","date_gmt":"2025-08-05T09:15:10","guid":{"rendered":"https:\/\/www.egemtv.com\/?p=46864"},"modified":"2025-08-05T12:15:10","modified_gmt":"2025-08-05T09:15:10","slug":"mugla-agiz-ve-dis-sagligi-merkezinde-aksam-poliklinik-hizmeti-basladi","status":"publish","type":"post","link":"https:\/\/www.egemtv.com\/?p=46864","title":{"rendered":"Mu\u011fla A\u011f\u0131z ve Di\u015f Sa\u011fl\u0131\u011f\u0131 Merkezi\u2019nde ak\u015fam poliklinik hizmeti ba\u015flad\u0131"},"content":{"rendered":"<p>Mu\u011fla A\u011f\u0131z ve Di\u015f Sa\u011fl\u0131\u011f\u0131 Merkezi, vatanda\u015flara daha eri\u015filebilir sa\u011fl\u0131k hizmeti sunmak amac\u0131yla mesai saatlerini geni\u015fletti\u011fini duyurarak 16:00-24:00 saatleri aras\u0131nda da poliklinik hizmeti verilmeye ba\u015fland\u0131\u011f\u0131n\u0131 a\u00e7\u0131klad\u0131.<br \/>\n<br \/>Konuyla ilgili Mu\u011fla \u0130l Sa\u011fl\u0131k M\u00fcd\u00fcrl\u00fc\u011f\u00fc taraf\u0131ndan yap\u0131lan a\u00e7\u0131klamada &#8220;Yeni d\u00fczenleme kapsam\u0131nda; Ak\u015fam saatlerinde 3 klinikte 6 di\u015f hekimi ile hizmet sunulacakt\u0131r. R\u00f6ntgen birimi ve protez laboratuvar\u0131, bu saatler aras\u0131nda da kesintisiz olarak \u00e7al\u0131\u015fmaya devam edecektir. Merkezimizde uygulanan 24 saat kesintisiz Acil n\u00f6bet hizmeti aynen s\u00fcrd\u00fcr\u00fclecektir. Bu uygulama ile birlikte hem hasta memnuniyetinin art\u0131r\u0131lmas\u0131, hem de biriken hasta yo\u011funlu\u011funun azalt\u0131lmas\u0131 hedeflenmektedir&#8221; denilerek Mu\u011fla halk\u0131n\u0131n art\u0131k ak\u015fam saatlerinde de a\u011f\u0131z v e di\u015f sa\u011fl\u0131\u011f\u0131 merkezinde nitelikli sa\u011fl\u0131k hizmeti alabilece\u011fi kaydedildi.<br \/><\/p>\n","protected":false},"excerpt":{"rendered":"<p>Mu\u011fla A\u011f\u0131z ve Di\u015f Sa\u011fl\u0131\u011f\u0131 Merkezi, vatanda\u015flara daha eri\u015filebilir sa\u011fl\u0131k hizmeti sunmak amac\u0131yla mesai saatlerini geni\u015fletti\u011fini duyurarak 16:00-24:00 saatleri aras\u0131nda da poliklinik hizmeti verilmeye ba\u015fland\u0131\u011f\u0131n\u0131 a\u00e7\u0131klad\u0131. Konuyla ilgili Mu\u011fla \u0130l Sa\u011fl\u0131k M\u00fcd\u00fcrl\u00fc\u011f\u00fc taraf\u0131ndan yap\u0131lan a\u00e7\u0131klamada &#8220;Yeni d\u00fczenleme kapsam\u0131nda; Ak\u015fam saatlerinde 3 klinikte 6 di\u015f hekimi ile hizmet sunulacakt\u0131r. R\u00f6ntgen birimi ve protez laboratuvar\u0131, bu saatler&#8230;<\/p>\n","protected":false},"author":1,"featured_media":46865,"comment_status":"open","ping_status":"open","sticky":false,"template":"","format":"standard","meta":{"_crdt_document":"","footnotes":""},"categories":[2],"tags":[],"class_list":["post-46864","post","type-post","status-publish","format-standard","has-post-thumbnail","hentry","category-saglik"],"_links":{"self":[{"href":"https:\/\/www.egemtv.com\/index.php?rest_route=\/wp\/v2\/posts\/46864","targetHints":{"allow":["GET"]}}],"collection":[{"href":"https:\/\/www.egemtv.com\/index.php?rest_route=\/wp\/v2\/posts"}],"about":[{"href":"https:\/\/www.egemtv.com\/index.php?rest_route=\/wp\/v2\/types\/post"}],"author":[{"embeddable":true,"href":"https:\/\/www.egemtv.com\/index.php?rest_route=\/wp\/v2\/users\/1"}],"replies":[{"embeddable":true,"href":"https:\/\/www.egemtv.com\/index.php?rest_route=%2Fwp%2Fv2%2Fcomments&post=46864"}],"version-history":[{"count":1,"href":"https:\/\/www.egemtv.com\/index.php?rest_route=\/wp\/v2\/posts\/46864\/revisions"}],"predecessor-version":[{"id":46866,"href":"https:\/\/www.egemtv.com\/index.php?rest_route=\/wp\/v2\/posts\/46864\/revisions\/46866"}],"wp:featuredmedia":[{"embeddable":true,"href":"https:\/\/www.egemtv.com\/index.php?rest_route=\/wp\/v2\/media\/46865"}],"wp:attachment":[{"href":"https:\/\/www.egemtv.com\/index.php?rest_route=%2Fwp%2Fv2%2Fmedia&parent=46864"}],"wp:term":[{"taxonomy":"category","embeddable":true,"href":"https:\/\/www.egemtv.com\/index.php?rest_route=%2Fwp%2Fv2%2Fcategories&post=46864"},{"taxonomy":"post_tag","embeddable":true,"href":"https:\/\/www.egemtv.com\/index.php?rest_route=%2Fwp%2Fv2%2Ftags&post=46864"}],"curies":[{"name":"wp","href":"https:\/\/api.w.org\/{rel}","templated":true}]}}