{"id":46861,"date":"2025-08-05T11:56:09","date_gmt":"2025-08-05T08:56:09","guid":{"rendered":"https:\/\/www.egemtv.com\/?p=46861"},"modified":"2025-08-05T11:56:10","modified_gmt":"2025-08-05T08:56:10","slug":"didimde-akkiraz-ruzgari-esti","status":"publish","type":"post","link":"https:\/\/www.egemtv.com\/?p=46861","title":{"rendered":"Didim\u2019de Akkiraz r\u00fczgar\u0131 esti"},"content":{"rendered":"<p>K\u00fclt\u00fcr ve sanat etkinliklerine ara vermeden devam eden Didim Belediyesi, d\u00fczenledi\u011fi b\u00fcy\u00fck konserde T\u00fcrk Halk M\u00fczi\u011fi\u2019nin usta ismi Sabahat Akkiraz ile sanat\u00e7\u0131 H\u00fcseyin U\u011furlu\u2019yu Didimlilerle bulu\u015fturdu.<\/p>\n<p>Didim Amfi Tiyatro\u2019da ger\u00e7ekle\u015fen konsere Didim Belediye Ba\u015fkan\u0131 Hatice Gen\u00e7ay ve e\u015fi, Didim Garnizon Komutan\u0131 Erkut Arslan ve e\u015fi, belediye ba\u015fkan yard\u0131mc\u0131lar\u0131, belediye meclis \u00fcyeleri ile birlikte binlerce ki\u015fi kat\u0131ld\u0131. Yo\u011fun ilgi g\u00f6ren etkinlikte, Amfi Tiyatro\u2019nun yan\u0131 s\u0131ra \u00e7evresindeki ye\u015fil alanlar da tamamen doldu. Konseri d\u0131\u015f alanda takip eden yurtta\u015flar i\u00e7in dev ekranlar kuruldu.Gecede ilk olarak sahneye \u00e7\u0131kan sanat\u00e7\u0131 H\u00fcseyin U\u011furlu, s\u00f6yledi\u011fi t\u00fcrk\u00fcler ve etkileyici saz performans\u0131yla b\u00fcy\u00fck be\u011feni toplad\u0131. Ard\u0131ndan sahneye \u00e7\u0131kan halk m\u00fczi\u011finin usta ismi Sabahat Akkiraz, seslendirdi\u011fi eserlerle dinleyicilere unutulmaz bir gece ya\u015fatt\u0131.<\/p>\n<p>Konser s\u0131ras\u0131nda konu\u015fma yapan Didim Belediye Ba\u015fkan\u0131 Hatice Gen\u00e7ay, &#8220;Bug\u00fcn, Anadolu\u2019nun halk m\u00fczi\u011finde k\u00f6k salm\u0131\u015f en g\u00fc\u00e7l\u00fc seslerinden sevgili H\u00fcseyin U\u011furlu\u2019yu dinleyerek ba\u015flad\u0131k geceye. Ard\u0131ndan, halk\u0131n y\u00fcre\u011finde taht kurmu\u015f b\u00fcy\u00fck sanat\u00e7\u0131 Sabahat Akkiraz\u2019\u0131 sahnemizde a\u011f\u0131rl\u0131yoruz. Bu sadece bir konser de\u011fil; bu topraklar\u0131n sesine, k\u00fclt\u00fcr\u00fcne, direncine kulak verme gecesi. Zor g\u00fcnlerden ge\u00e7iyoruz, evet Ama unutmayal\u0131m, bu topraklar nice zorlu\u011fu birlikte a\u015fm\u0131\u015f, her defas\u0131nda yeniden aya\u011fa kalkm\u0131\u015ft\u0131r. T\u00fcrk\u00fclerimiz; yoksullu\u011fu da, umudu da, ac\u0131y\u0131 da, direni\u015fi de anlata anlata bug\u00fcne geldi. Her biri bir hat\u0131ra de\u011fil, bir \u00e7a\u011fr\u0131d\u0131r. Karanl\u0131\u011fa boyun e\u011fmeyece\u011fiz. \u00c7\u00fcnk\u00fc biz umudu t\u00fcrk\u00fcyle b\u00fcy\u00fctmeyi bilen bir halk\u0131z. Ve biliyoruz ki her birimiz birer \u0131\u015f\u0131\u011f\u0131z; bu \u0131\u015f\u0131kla yolumuzu bulacak, karanl\u0131\u011fa asla ge\u00e7it vermeyece\u011fiz&#8221; dedi.<\/p>\n<p>Konserin sonunda Didim Belediye Ba\u015fkan\u0131 Hatice Gen\u00e7ay, Sabahat Akkiraz\u2019a \u00e7i\u00e7ek takdim ederek te\u015fekk\u00fcr etti.<br \/><\/p>\n","protected":false},"excerpt":{"rendered":"<p>K\u00fclt\u00fcr ve sanat etkinliklerine ara vermeden devam eden Didim Belediyesi, d\u00fczenledi\u011fi b\u00fcy\u00fck konserde T\u00fcrk Halk M\u00fczi\u011fi\u2019nin usta ismi Sabahat Akkiraz ile sanat\u00e7\u0131 H\u00fcseyin U\u011furlu\u2019yu Didimlilerle bulu\u015fturdu. Didim Amfi Tiyatro\u2019da ger\u00e7ekle\u015fen konsere Didim Belediye Ba\u015fkan\u0131 Hatice Gen\u00e7ay ve e\u015fi, Didim Garnizon Komutan\u0131 Erkut Arslan ve e\u015fi, belediye ba\u015fkan yard\u0131mc\u0131lar\u0131, belediye meclis \u00fcyeleri ile birlikte binlerce ki\u015fi&#8230;<\/p>\n","protected":false},"author":1,"featured_media":46862,"comment_status":"open","ping_status":"open","sticky":false,"template":"","format":"standard","meta":{"_crdt_document":"","footnotes":""},"categories":[1],"tags":[],"class_list":["post-46861","post","type-post","status-publish","format-standard","has-post-thumbnail","hentry","category-guncel"],"_links":{"self":[{"href":"https:\/\/www.egemtv.com\/index.php?rest_route=\/wp\/v2\/posts\/46861","targetHints":{"allow":["GET"]}}],"collection":[{"href":"https:\/\/www.egemtv.com\/index.php?rest_route=\/wp\/v2\/posts"}],"about":[{"href":"https:\/\/www.egemtv.com\/index.php?rest_route=\/wp\/v2\/types\/post"}],"author":[{"embeddable":true,"href":"https:\/\/www.egemtv.com\/index.php?rest_route=\/wp\/v2\/users\/1"}],"replies":[{"embeddable":true,"href":"https:\/\/www.egemtv.com\/index.php?rest_route=%2Fwp%2Fv2%2Fcomments&post=46861"}],"version-history":[{"count":1,"href":"https:\/\/www.egemtv.com\/index.php?rest_route=\/wp\/v2\/posts\/46861\/revisions"}],"predecessor-version":[{"id":46863,"href":"https:\/\/www.egemtv.com\/index.php?rest_route=\/wp\/v2\/posts\/46861\/revisions\/46863"}],"wp:featuredmedia":[{"embeddable":true,"href":"https:\/\/www.egemtv.com\/index.php?rest_route=\/wp\/v2\/media\/46862"}],"wp:attachment":[{"href":"https:\/\/www.egemtv.com\/index.php?rest_route=%2Fwp%2Fv2%2Fmedia&parent=46861"}],"wp:term":[{"taxonomy":"category","embeddable":true,"href":"https:\/\/www.egemtv.com\/index.php?rest_route=%2Fwp%2Fv2%2Fcategories&post=46861"},{"taxonomy":"post_tag","embeddable":true,"href":"https:\/\/www.egemtv.com\/index.php?rest_route=%2Fwp%2Fv2%2Ftags&post=46861"}],"curies":[{"name":"wp","href":"https:\/\/api.w.org\/{rel}","templated":true}]}}