{"id":46858,"date":"2025-08-05T11:34:56","date_gmt":"2025-08-05T08:34:56","guid":{"rendered":"https:\/\/www.egemtv.com\/?p=46858"},"modified":"2025-08-05T11:34:56","modified_gmt":"2025-08-05T08:34:56","slug":"araci-bozulan-kadin-vekil-programina-elektrikli-bisikletle-devam-etti","status":"publish","type":"post","link":"https:\/\/www.egemtv.com\/?p=46858","title":{"rendered":"Arac\u0131 bozulan kad\u0131n vekil program\u0131na elektrikli bisikletle devam etti"},"content":{"rendered":"<p>DEN\u0130ZL\u0130 (\u0130HA) \u2013 Meclisin tatile girmesinin ard\u0131ndan \u00e7al\u0131\u015fmalar\u0131n\u0131 Denizli\u2019de s\u00fcrd\u00fcren Milletvekili Sema Silkin \u00dcn, arac\u0131n\u0131n ar\u0131za yapmas\u0131 \u00fczerine yoldan ge\u00e7en ya\u015fl\u0131 bir kad\u0131n\u0131n elektrikli bisikletine binerek program\u0131na devam etti. Vekil \u00dcn\u2019\u00fcn sosyal medyada yay\u0131nlanan bu g\u00f6r\u00fcnt\u00fcs\u00fc binlerce ki\u015fi taraf\u0131ndan izlendi.<\/p>\n<p>TBMM\u2019nin tatile girmesinin ard\u0131ndan se\u00e7im b\u00f6lgesi Denizli\u2019de \u00e7al\u0131\u015fmalar\u0131n\u0131 s\u00fcrd\u00fcren Gelecek Partisi Milletvekili Sema Silkin \u00dcn, \u00f6nceki ak\u015fam Pamukkale il\u00e7esinde ziyaretler ve incelemelerini s\u00fcrd\u00fcr\u00fcrken arac\u0131 aniden ar\u0131zaland\u0131. Bir d\u00fc\u011f\u00fcne kat\u0131lmas\u0131 gereken Vekil \u00dcn, yoldan ge\u00e7en ya\u015fl\u0131 bir kad\u0131n\u0131n kulland\u0131\u011f\u0131 3 tekerlekli elektrikli bisiklete binerek program\u0131na devam etti.<\/p>\n<p>Denizli Milletvekili Sema Silkin \u00dcn\u2019\u00fcn program\u0131na elektrikli bisikletle devam etti\u011fi anlar, bir vatanda\u015f taraf\u0131ndan cep telefonu kameras\u0131yla kaydedildi. Sosyal medyada payla\u015f\u0131lan bu samimi anlar, k\u0131sa s\u00fcrede binlerce ki\u015fi taraf\u0131ndan izlendi.<\/p>\n<p>Gelen olumlu tepkilere te\u015fekk\u00fcr eden Milletvekili Sema Silkin \u00dcn, &#8220;Arac\u0131m\u0131z\u0131n ar\u0131za yapm\u0131\u015f olmas\u0131 tabii ki Denizli\u2019de programlar\u0131m\u0131za mani olamazd\u0131. \u015eefika Ablam\u0131z\u0131n elektrikli bisikletiyle \u00e7al\u0131\u015fmalar\u0131m\u0131za kald\u0131\u011f\u0131m\u0131z yerden devam ettik&#8221; diye yorum yapt\u0131.<br \/><\/p>\n","protected":false},"excerpt":{"rendered":"<p>DEN\u0130ZL\u0130 (\u0130HA) \u2013 Meclisin tatile girmesinin ard\u0131ndan \u00e7al\u0131\u015fmalar\u0131n\u0131 Denizli\u2019de s\u00fcrd\u00fcren Milletvekili Sema Silkin \u00dcn, arac\u0131n\u0131n ar\u0131za yapmas\u0131 \u00fczerine yoldan ge\u00e7en ya\u015fl\u0131 bir kad\u0131n\u0131n elektrikli bisikletine binerek program\u0131na devam etti. Vekil \u00dcn\u2019\u00fcn sosyal medyada yay\u0131nlanan bu g\u00f6r\u00fcnt\u00fcs\u00fc binlerce ki\u015fi taraf\u0131ndan izlendi. TBMM\u2019nin tatile girmesinin ard\u0131ndan se\u00e7im b\u00f6lgesi Denizli\u2019de \u00e7al\u0131\u015fmalar\u0131n\u0131 s\u00fcrd\u00fcren Gelecek Partisi Milletvekili Sema Silkin \u00dcn,&#8230;<\/p>\n","protected":false},"author":1,"featured_media":46859,"comment_status":"open","ping_status":"open","sticky":false,"template":"","format":"standard","meta":{"_crdt_document":"","footnotes":""},"categories":[127],"tags":[],"class_list":["post-46858","post","type-post","status-publish","format-standard","has-post-thumbnail","hentry","category-siyaset"],"_links":{"self":[{"href":"https:\/\/www.egemtv.com\/index.php?rest_route=\/wp\/v2\/posts\/46858","targetHints":{"allow":["GET"]}}],"collection":[{"href":"https:\/\/www.egemtv.com\/index.php?rest_route=\/wp\/v2\/posts"}],"about":[{"href":"https:\/\/www.egemtv.com\/index.php?rest_route=\/wp\/v2\/types\/post"}],"author":[{"embeddable":true,"href":"https:\/\/www.egemtv.com\/index.php?rest_route=\/wp\/v2\/users\/1"}],"replies":[{"embeddable":true,"href":"https:\/\/www.egemtv.com\/index.php?rest_route=%2Fwp%2Fv2%2Fcomments&post=46858"}],"version-history":[{"count":1,"href":"https:\/\/www.egemtv.com\/index.php?rest_route=\/wp\/v2\/posts\/46858\/revisions"}],"predecessor-version":[{"id":46860,"href":"https:\/\/www.egemtv.com\/index.php?rest_route=\/wp\/v2\/posts\/46858\/revisions\/46860"}],"wp:featuredmedia":[{"embeddable":true,"href":"https:\/\/www.egemtv.com\/index.php?rest_route=\/wp\/v2\/media\/46859"}],"wp:attachment":[{"href":"https:\/\/www.egemtv.com\/index.php?rest_route=%2Fwp%2Fv2%2Fmedia&parent=46858"}],"wp:term":[{"taxonomy":"category","embeddable":true,"href":"https:\/\/www.egemtv.com\/index.php?rest_route=%2Fwp%2Fv2%2Fcategories&post=46858"},{"taxonomy":"post_tag","embeddable":true,"href":"https:\/\/www.egemtv.com\/index.php?rest_route=%2Fwp%2Fv2%2Ftags&post=46858"}],"curies":[{"name":"wp","href":"https:\/\/api.w.org\/{rel}","templated":true}]}}