{"id":46855,"date":"2025-08-05T11:34:55","date_gmt":"2025-08-05T08:34:55","guid":{"rendered":"https:\/\/www.egemtv.com\/?p=46855"},"modified":"2025-08-05T11:34:55","modified_gmt":"2025-08-05T08:34:55","slug":"kusadasi-belediyesi-cocuk-gelisim-merkezi-hizmete-girdi","status":"publish","type":"post","link":"https:\/\/www.egemtv.com\/?p=46855","title":{"rendered":"Ku\u015fadas\u0131 Belediyesi \u00c7ocuk Geli\u015fim Merkezi hizmete girdi"},"content":{"rendered":"<p>Ku\u015fadas\u0131 Belediyesi taraf\u0131ndan hayata ge\u00e7irilen \u00c7ocuk Geli\u015fim Merkezi, hizmet vermeye ba\u015flad\u0131. Merkezde, 3-5 ya\u015f aral\u0131\u011f\u0131ndaki toplam 36 \u00e7ocuk, e\u011fitim hayatlar\u0131na ilk ad\u0131mlar\u0131n\u0131 Ku\u015fadas\u0131 Belediyesi\u2019nin sundu\u011fu ayr\u0131cal\u0131kl\u0131 ortamda att\u0131. \u00c7ocuklar\u0131n fiziksel, zihinsel ve sosyal geli\u015fimlerini desteklemek amac\u0131yla tasarlanan merkez, ilk g\u00fcnden itibaren yo\u011fun ilgi g\u00f6rd\u00fc.<\/p>\n<p>Merkezin hizmete ba\u015flad\u0131\u011f\u0131 g\u00fcn, Ku\u015fadas\u0131 Belediye Ba\u015fkan\u0131 \u00d6mer G\u00fcnel, \u00e7ocuklar\u0131 ve velileri yaln\u0131z b\u0131rakmad\u0131. Ba\u015fkan G\u00fcnel\u2019e, e\u015fi Duygu G\u00fcnel, belediye birim m\u00fcd\u00fcrleri, belediye ba\u015fkan yard\u0131mc\u0131lar\u0131 ve CHP Ku\u015fadas\u0131 \u0130l\u00e7e Ba\u015fkan\u0131 Mehmet G\u00fcrbilek e\u015flik etti. G\u00fcnel, s\u0131n\u0131flar\u0131, oyun ve uyku odalar\u0131n\u0131, yemekhane b\u00f6l\u00fcm\u00fcn\u00fc gezerek yerinde incelemelerde bulundu.<\/p>\n<p>A\u00e7\u0131l\u0131\u015f \u00f6ncesi k\u0131sa bir konu\u015fma yapan Ba\u015fkan G\u00fcnel, merkezin Ku\u015fadas\u0131\u2019na kazand\u0131r\u0131lmas\u0131ndan duydu\u011fu memnuniyeti dile getirerek \u015fu ifadeleri kulland\u0131: &#8220;\u00c7ocuklar\u0131m\u0131z\u0131n g\u00fcvenli, sa\u011fl\u0131kl\u0131 ve \u00e7a\u011fda\u015f bir ortamda e\u011fitim alacak olmas\u0131 bizleri \u00e7ok mutlu ediyor. Bu merkezi kentimize ve hem\u015fehrilerimize kazand\u0131rm\u0131\u015f olmaktan b\u00fcy\u00fck bir gurur duyuyorum&#8221;<\/p>\n<p>Merkezin i\u015fleyi\u015fi hakk\u0131nda da bilgi veren Ba\u015fkan G\u00fcnel, \u00f6\u011frenci kapasitesinin y\u00fczde 30\u2019unun belediye \u00e7al\u0131\u015fan\u0131 annelerin \u00e7ocuklar\u0131ndan, kalan y\u00fczde 70\u2019lik k\u0131sm\u0131n\u0131n ise Ku\u015fadal\u0131 ailelerin \u00e7ocuklar\u0131ndan olu\u015faca\u011f\u0131n\u0131 belirtti. Kay\u0131t s\u00fcrecine dair de a\u00e7\u0131klamada bulunan G\u00fcnel, ba\u015fvurular\u0131n yo\u011fun olmas\u0131 halinde noter huzurunda kura \u00e7ekimi yap\u0131laca\u011f\u0131n\u0131 ve \u00f6\u011frencilerin adil bir \u015fekilde belirlenece\u011fini ifade etti.<\/p>\n<p>\u00c7ocuklar\u0131n t\u00fcm ihtiya\u00e7lar\u0131 d\u00fc\u015f\u00fcn\u00fclerek tasarlanan \u00c7ocuk Geli\u015fim Merkezi, sadece \u00e7ocuklara de\u011fil, ayn\u0131 zamanda annelere de destek sunarak aile ya\u015fam\u0131n\u0131 kolayla\u015ft\u0131rmay\u0131 hedefliyor.<br \/><\/p>\n","protected":false},"excerpt":{"rendered":"<p>Ku\u015fadas\u0131 Belediyesi taraf\u0131ndan hayata ge\u00e7irilen \u00c7ocuk Geli\u015fim Merkezi, hizmet vermeye ba\u015flad\u0131. Merkezde, 3-5 ya\u015f aral\u0131\u011f\u0131ndaki toplam 36 \u00e7ocuk, e\u011fitim hayatlar\u0131na ilk ad\u0131mlar\u0131n\u0131 Ku\u015fadas\u0131 Belediyesi\u2019nin sundu\u011fu ayr\u0131cal\u0131kl\u0131 ortamda att\u0131. \u00c7ocuklar\u0131n fiziksel, zihinsel ve sosyal geli\u015fimlerini desteklemek amac\u0131yla tasarlanan merkez, ilk g\u00fcnden itibaren yo\u011fun ilgi g\u00f6rd\u00fc. Merkezin hizmete ba\u015flad\u0131\u011f\u0131 g\u00fcn, Ku\u015fadas\u0131 Belediye Ba\u015fkan\u0131 \u00d6mer G\u00fcnel, \u00e7ocuklar\u0131 ve&#8230;<\/p>\n","protected":false},"author":1,"featured_media":46856,"comment_status":"open","ping_status":"open","sticky":false,"template":"","format":"standard","meta":{"_crdt_document":"","footnotes":""},"categories":[1],"tags":[],"class_list":["post-46855","post","type-post","status-publish","format-standard","has-post-thumbnail","hentry","category-guncel"],"_links":{"self":[{"href":"https:\/\/www.egemtv.com\/index.php?rest_route=\/wp\/v2\/posts\/46855","targetHints":{"allow":["GET"]}}],"collection":[{"href":"https:\/\/www.egemtv.com\/index.php?rest_route=\/wp\/v2\/posts"}],"about":[{"href":"https:\/\/www.egemtv.com\/index.php?rest_route=\/wp\/v2\/types\/post"}],"author":[{"embeddable":true,"href":"https:\/\/www.egemtv.com\/index.php?rest_route=\/wp\/v2\/users\/1"}],"replies":[{"embeddable":true,"href":"https:\/\/www.egemtv.com\/index.php?rest_route=%2Fwp%2Fv2%2Fcomments&post=46855"}],"version-history":[{"count":1,"href":"https:\/\/www.egemtv.com\/index.php?rest_route=\/wp\/v2\/posts\/46855\/revisions"}],"predecessor-version":[{"id":46857,"href":"https:\/\/www.egemtv.com\/index.php?rest_route=\/wp\/v2\/posts\/46855\/revisions\/46857"}],"wp:featuredmedia":[{"embeddable":true,"href":"https:\/\/www.egemtv.com\/index.php?rest_route=\/wp\/v2\/media\/46856"}],"wp:attachment":[{"href":"https:\/\/www.egemtv.com\/index.php?rest_route=%2Fwp%2Fv2%2Fmedia&parent=46855"}],"wp:term":[{"taxonomy":"category","embeddable":true,"href":"https:\/\/www.egemtv.com\/index.php?rest_route=%2Fwp%2Fv2%2Fcategories&post=46855"},{"taxonomy":"post_tag","embeddable":true,"href":"https:\/\/www.egemtv.com\/index.php?rest_route=%2Fwp%2Fv2%2Ftags&post=46855"}],"curies":[{"name":"wp","href":"https:\/\/api.w.org\/{rel}","templated":true}]}}