{"id":46852,"date":"2025-08-05T11:34:54","date_gmt":"2025-08-05T08:34:54","guid":{"rendered":"https:\/\/www.egemtv.com\/?p=46852"},"modified":"2025-08-05T11:34:55","modified_gmt":"2025-08-05T08:34:55","slug":"babadag-belediyesi-ilcenin-sosyal-hayatina-katki-saglamaya-devam-ediyor","status":"publish","type":"post","link":"https:\/\/www.egemtv.com\/?p=46852","title":{"rendered":"Babada\u011f Belediyesi il\u00e7enin sosyal hayat\u0131na katk\u0131 sa\u011flamaya devam ediyor"},"content":{"rendered":"<p>Babada\u011f Belediyesi il\u00e7enin sosyal hayat\u0131na b\u00fcy\u00fck katk\u0131 sa\u011flayacak olan Babada\u011f Belediyesi Sosyal Tesisinin temelini att\u0131. Tesisin k\u0131sa s\u00fcre i\u00e7erisinde a\u00e7\u0131l\u0131\u015f\u0131n\u0131 yapacaklar\u0131n\u0131 belirten Babada\u011f Belediye Ba\u015fkan\u0131 Murat Kumral, &#8220;\u00c7ok \u015f\u00fck\u00fcr ki bu gayretimizin meyvelerini bir bir toplamaya ba\u015flad\u0131k&#8221; dedi.<\/p>\n<p>Babada\u011f Belediyesi projelerine bir yenisini daha ekledi. \u0130l\u00e7enin sosyal hayat\u0131na b\u00fcy\u00fck katk\u0131 sa\u011flamas\u0131 beklenen \u2018Babada\u011f Belediyesi Sosyal Tesisi\u2019nin temel atma t\u00f6reni ger\u00e7ekle\u015ftirildi. Temel atma t\u00f6renine Babada\u011f Belediye Ba\u015fkan\u0131 Murat Kumral, meclis \u00fcyeleri kat\u0131l\u0131m sa\u011flad\u0131. Dualarla ve kurban kesimiyle birlikte temeli at\u0131lan tesisin k\u0131sa s\u00fcre i\u00e7erisinde a\u00e7\u0131l\u0131\u015f\u0131n\u0131n yap\u0131lmas\u0131n\u0131n planland\u0131\u011f\u0131 a\u00e7\u0131kland\u0131.<\/p>\n<p>&#8220;\u00c7ok \u015f\u00fck\u00fcr ki bu gayretimizin meyvelerini bir bir toplamaya ba\u015flad\u0131k&#8221;<br \/>\n<br \/>Babada\u011f i\u00e7in gece g\u00fcnd\u00fcz \u00e7al\u0131\u015ft\u0131klar\u0131n\u0131 ve a\u00e7\u0131l\u0131\u015f\u0131 yap\u0131lan sosyal tesisin hay\u0131rl\u0131 olmas\u0131n\u0131 diledi\u011fini belirten Babada\u011f Belediye Ba\u015fkan\u0131 Murat Kumral, &#8220;G\u00f6reve geldi\u011fimiz g\u00fcnden bu yana birlik, beraberlik ve karde\u015flik ruhuyla hareket ediyor; il\u00e7emiz i\u00e7in kal\u0131c\u0131, de\u011ferli hizmetler \u00fcretmenin gayretiyle \u00e7al\u0131\u015f\u0131yoruz. \u00c7ok \u015f\u00fck\u00fcr ki bu gayretimizin meyvelerini bir bir toplamaya ba\u015flad\u0131k. \u015eimdiden Babada\u011f\u2019\u0131m\u0131za hay\u0131rl\u0131 olsun&#8221; dedi.<br \/><\/p>\n","protected":false},"excerpt":{"rendered":"<p>Babada\u011f Belediyesi il\u00e7enin sosyal hayat\u0131na b\u00fcy\u00fck katk\u0131 sa\u011flayacak olan Babada\u011f Belediyesi Sosyal Tesisinin temelini att\u0131. Tesisin k\u0131sa s\u00fcre i\u00e7erisinde a\u00e7\u0131l\u0131\u015f\u0131n\u0131 yapacaklar\u0131n\u0131 belirten Babada\u011f Belediye Ba\u015fkan\u0131 Murat Kumral, &#8220;\u00c7ok \u015f\u00fck\u00fcr ki bu gayretimizin meyvelerini bir bir toplamaya ba\u015flad\u0131k&#8221; dedi. Babada\u011f Belediyesi projelerine bir yenisini daha ekledi. \u0130l\u00e7enin sosyal hayat\u0131na b\u00fcy\u00fck katk\u0131 sa\u011flamas\u0131 beklenen \u2018Babada\u011f Belediyesi Sosyal&#8230;<\/p>\n","protected":false},"author":1,"featured_media":46853,"comment_status":"open","ping_status":"open","sticky":false,"template":"","format":"standard","meta":{"_crdt_document":"","footnotes":""},"categories":[1],"tags":[],"class_list":["post-46852","post","type-post","status-publish","format-standard","has-post-thumbnail","hentry","category-guncel"],"_links":{"self":[{"href":"https:\/\/www.egemtv.com\/index.php?rest_route=\/wp\/v2\/posts\/46852","targetHints":{"allow":["GET"]}}],"collection":[{"href":"https:\/\/www.egemtv.com\/index.php?rest_route=\/wp\/v2\/posts"}],"about":[{"href":"https:\/\/www.egemtv.com\/index.php?rest_route=\/wp\/v2\/types\/post"}],"author":[{"embeddable":true,"href":"https:\/\/www.egemtv.com\/index.php?rest_route=\/wp\/v2\/users\/1"}],"replies":[{"embeddable":true,"href":"https:\/\/www.egemtv.com\/index.php?rest_route=%2Fwp%2Fv2%2Fcomments&post=46852"}],"version-history":[{"count":1,"href":"https:\/\/www.egemtv.com\/index.php?rest_route=\/wp\/v2\/posts\/46852\/revisions"}],"predecessor-version":[{"id":46854,"href":"https:\/\/www.egemtv.com\/index.php?rest_route=\/wp\/v2\/posts\/46852\/revisions\/46854"}],"wp:featuredmedia":[{"embeddable":true,"href":"https:\/\/www.egemtv.com\/index.php?rest_route=\/wp\/v2\/media\/46853"}],"wp:attachment":[{"href":"https:\/\/www.egemtv.com\/index.php?rest_route=%2Fwp%2Fv2%2Fmedia&parent=46852"}],"wp:term":[{"taxonomy":"category","embeddable":true,"href":"https:\/\/www.egemtv.com\/index.php?rest_route=%2Fwp%2Fv2%2Fcategories&post=46852"},{"taxonomy":"post_tag","embeddable":true,"href":"https:\/\/www.egemtv.com\/index.php?rest_route=%2Fwp%2Fv2%2Ftags&post=46852"}],"curies":[{"name":"wp","href":"https:\/\/api.w.org\/{rel}","templated":true}]}}