{"id":46849,"date":"2025-08-05T11:14:49","date_gmt":"2025-08-05T08:14:49","guid":{"rendered":"https:\/\/www.egemtv.com\/?p=46849"},"modified":"2025-08-05T11:14:50","modified_gmt":"2025-08-05T08:14:50","slug":"yetenek-taramasiyla-kesfedilen-gedizli-sporcular-turkiye-sampiyonu","status":"publish","type":"post","link":"https:\/\/www.egemtv.com\/?p=46849","title":{"rendered":"Yetenek taramas\u0131yla ke\u015ffedilen Gedizli sporcular T\u00fcrkiye \u015fampiyonu"},"content":{"rendered":"<p>K\u00fctahya\u2019da \u2019T\u00fcrkiye Sportif Yetenek Taramas\u0131 ve Spora Y\u00f6nlendirme Program\u0131\u2019 sonucunda atletizm bran\u015f\u0131na y\u00f6nlendirilen Gedizli sporcular, \u2019Naili Moran Atletizm Ya\u015f Grubu T\u00fcrkiye \u015eampiyonas\u0131\u2019nda 3 dalda T\u00fcrkiye \u015eampiyonu oldu.<br \/>\n<br \/>\u2019Naili Moran Atletizm Ya\u015f Grubu T\u00fcrkiye \u015eampiyonas\u0131\u2019, 22-23 Temmuz 2025 tarihlerinde Konya\u2019da ger\u00e7ekle\u015ftirildi. \u015eampiyonaya, K\u00fctahya\u2019da yetenek taramas\u0131yla ke\u015ffedilen Gedizli sporcular kat\u0131l\u0131m sa\u011flad\u0131. Mert Ali Karao\u011flan, 3 farkl\u0131 dalda T\u00fcrkiye\u2019nin zirvesine \u00e7\u0131karak b\u00fcy\u00fck bir ba\u015far\u0131ya imza att\u0131. Karao\u011flan, Y\u00fcksek Atlama dal\u0131nda 1.52 metre ile, 800 metrede 2.21.04 ile ve Uzun Atlamada 5.17 metre ile 3 dalda T\u00fcrkiye \u015eampiyonu oldu. Bir di\u011fer Gedizli sporcu Aysima \u00d6zmen ise, y\u00fcksek atlamada T\u00fcrkiye 3\u2019nc\u00fcs\u00fc olarak k\u00fcrs\u00fcye \u00e7\u0131kma ba\u015far\u0131s\u0131 g\u00f6sterdi. Bu b\u00fcy\u00fck ba\u015far\u0131, altyap\u0131dan yeti\u015fen sporcular\u0131n do\u011fru y\u00f6nlendirme ve emekle neler ba\u015farabilece\u011fini bir kez daha ortaya koydu. Gen\u00e7 sporcular\u0131n yan\u0131 s\u0131ra, onlar\u0131n geli\u015fiminde b\u00fcy\u00fck pay sahibi olan Antren\u00f6r Y\u0131ld\u0131ray Kaya ve Atat\u00fcrk Ortaokulu Beden E\u011fitimi \u00d6\u011fretmeni Zafer \u00d6zkurt da tebrik edildi.<\/p>\n<p>\u0130l Gen\u00e7lik ve Spor M\u00fcd\u00fcr\u00fc K\u00fc\u00e7\u00fck, sporcular\u0131 tebrik etti<br \/>\n<br \/>K\u00fctahya \u0130l Gen\u00e7lik ve Spor M\u00fcd\u00fcr\u00fc B\u00fclent K\u00fc\u00e7\u00fck, Gediz Gen\u00e7lik ve Spor M\u00fcd\u00fcrl\u00fc\u011f\u00fc\u2019n\u00fc ziyaret ederek atletizmde b\u00fcy\u00fck ba\u015far\u0131lara imza atan gen\u00e7 sporcular\u0131 tebrik etti. \u0130l\u00e7e M\u00fcd\u00fcr\u00fc Mecid Pehlivan\u2019dan bilgi alan M\u00fcd\u00fcr K\u00fc\u00e7\u00fck, sporcular\u0131n ba\u015far\u0131lar\u0131n\u0131n devam\u0131n\u0131 diledi. M\u00fcd\u00fcr K\u00fc\u00e7\u00fck, gen\u00e7 sporcularla hat\u0131ra foto\u011fraf\u0131 da \u00e7ekindi.<br \/><\/p>\n","protected":false},"excerpt":{"rendered":"<p>K\u00fctahya\u2019da \u2019T\u00fcrkiye Sportif Yetenek Taramas\u0131 ve Spora Y\u00f6nlendirme Program\u0131\u2019 sonucunda atletizm bran\u015f\u0131na y\u00f6nlendirilen Gedizli sporcular, \u2019Naili Moran Atletizm Ya\u015f Grubu T\u00fcrkiye \u015eampiyonas\u0131\u2019nda 3 dalda T\u00fcrkiye \u015eampiyonu oldu. \u2019Naili Moran Atletizm Ya\u015f Grubu T\u00fcrkiye \u015eampiyonas\u0131\u2019, 22-23 Temmuz 2025 tarihlerinde Konya\u2019da ger\u00e7ekle\u015ftirildi. \u015eampiyonaya, K\u00fctahya\u2019da yetenek taramas\u0131yla ke\u015ffedilen Gedizli sporcular kat\u0131l\u0131m sa\u011flad\u0131. Mert Ali Karao\u011flan, 3 farkl\u0131 dalda&#8230;<\/p>\n","protected":false},"author":1,"featured_media":46850,"comment_status":"open","ping_status":"open","sticky":false,"template":"","format":"standard","meta":{"_crdt_document":"","footnotes":""},"categories":[4],"tags":[],"class_list":["post-46849","post","type-post","status-publish","format-standard","has-post-thumbnail","hentry","category-spor"],"_links":{"self":[{"href":"https:\/\/www.egemtv.com\/index.php?rest_route=\/wp\/v2\/posts\/46849","targetHints":{"allow":["GET"]}}],"collection":[{"href":"https:\/\/www.egemtv.com\/index.php?rest_route=\/wp\/v2\/posts"}],"about":[{"href":"https:\/\/www.egemtv.com\/index.php?rest_route=\/wp\/v2\/types\/post"}],"author":[{"embeddable":true,"href":"https:\/\/www.egemtv.com\/index.php?rest_route=\/wp\/v2\/users\/1"}],"replies":[{"embeddable":true,"href":"https:\/\/www.egemtv.com\/index.php?rest_route=%2Fwp%2Fv2%2Fcomments&post=46849"}],"version-history":[{"count":1,"href":"https:\/\/www.egemtv.com\/index.php?rest_route=\/wp\/v2\/posts\/46849\/revisions"}],"predecessor-version":[{"id":46851,"href":"https:\/\/www.egemtv.com\/index.php?rest_route=\/wp\/v2\/posts\/46849\/revisions\/46851"}],"wp:featuredmedia":[{"embeddable":true,"href":"https:\/\/www.egemtv.com\/index.php?rest_route=\/wp\/v2\/media\/46850"}],"wp:attachment":[{"href":"https:\/\/www.egemtv.com\/index.php?rest_route=%2Fwp%2Fv2%2Fmedia&parent=46849"}],"wp:term":[{"taxonomy":"category","embeddable":true,"href":"https:\/\/www.egemtv.com\/index.php?rest_route=%2Fwp%2Fv2%2Fcategories&post=46849"},{"taxonomy":"post_tag","embeddable":true,"href":"https:\/\/www.egemtv.com\/index.php?rest_route=%2Fwp%2Fv2%2Ftags&post=46849"}],"curies":[{"name":"wp","href":"https:\/\/api.w.org\/{rel}","templated":true}]}}