{"id":46846,"date":"2025-08-05T11:14:48","date_gmt":"2025-08-05T08:14:48","guid":{"rendered":"https:\/\/www.egemtv.com\/?p=46846"},"modified":"2025-08-05T11:14:49","modified_gmt":"2025-08-05T08:14:49","slug":"gediz-ilica-termal-tatil-koyu-yenilenen-yuzuyle-ziyaretcilerini-agirliyor","status":"publish","type":"post","link":"https:\/\/www.egemtv.com\/?p=46846","title":{"rendered":"Gediz Il\u0131ca Termal Tatil K\u00f6y\u00fc yenilenen y\u00fcz\u00fcyle ziyaret\u00e7ilerini a\u011f\u0131rl\u0131yor"},"content":{"rendered":"<p>K\u00fctahya\u2019n\u0131n do\u011fa harikas\u0131 il\u00e7esi Gediz\u2019de bulunan ve tamamlanan \u00e7al\u0131\u015fmalarla birlikte adeta yeniden do\u011fan Il\u0131ca Termal Tatil K\u00f6y\u00fc, ziyaret\u00e7i memnuniyetini en \u00fcst seviyeye \u00e7\u0131karmay\u0131 hedefliyor.<br \/>\n<br \/>Toplam 120 yatak kapasitesiyle hizmet veren Il\u0131ca Termal Tatil K\u00f6y\u00fc, son d\u00fczenlemelerle birlikte daha modern ve konforlu bir hale geldi. Yap\u0131lan peyzaj d\u00fczenlemeleriyle do\u011fan\u0131n ve kapl\u0131calar\u0131n i\u00e7 i\u00e7e ge\u00e7ti\u011fi tesis, ziyaret\u00e7ilerine her an farkl\u0131 bir g\u00fczellik sunuyor. Yenilenen y\u00fcz\u00fcyle Il\u0131ca, hem g\u00fcnd\u00fcz\u00fcn enerjisini hem de gecenin huzurunu ya\u015fatmay\u0131 vaat ediyor. Hem erkekler hem de kad\u0131nlar i\u00e7in ayr\u0131 ayr\u0131 tasarlanan aqua parklar, hamamlar ve \u00f6zel banyolar, tesisin cazibesini art\u0131rarak ziyaret\u00e7i memnuniyetini en \u00fcst seviyeye \u00e7\u0131karmay\u0131 hedefliyor. Il\u0131ca, \u2019Termalin Do\u011fayla Bulu\u015ftu\u011fu Yer\u2019 slogan\u0131yla hem yerel halk\u0131n hem de \u015fehir d\u0131\u015f\u0131ndan gelen misafirlerin g\u00f6zdesi olmay\u0131 s\u00fcrd\u00fcr\u00fcyor.<\/p>\n<p>&#8220;Amac\u0131m\u0131z, Gediz\u2019in turizm potansiyelini y\u00fckseltmek&#8221;<br \/>\n<br \/>Gediz Belediye Ba\u015fkan\u0131 Necdet Akel, yap\u0131lan yenileme \u00e7al\u0131\u015fmalar\u0131yla ilgili yapt\u0131\u011f\u0131 a\u00e7\u0131klamada, &#8220;Gediz Il\u0131ca Termal Tatil K\u00f6y\u00fc, il\u00e7emizin en \u00f6nemli turizm de\u011ferlerinden biridir. Ger\u00e7ekle\u015ftirdi\u011fimiz kapsaml\u0131 \u00e7al\u0131\u015fmalarla tesisimizi modern bir g\u00f6r\u00fcn\u00fcme kavu\u015fturduk. Yenilenen y\u00fcz\u00fcyle Il\u0131ca, ziyaret\u00e7ilerimize unutulmaz anlar ya\u015fatacak. Amac\u0131m\u0131z, Gediz\u2019in turizm potansiyelini y\u00fckseltmek ve daha fazla misafiri il\u00e7emizde a\u011f\u0131rlamakt\u0131r. T\u00fcm hem\u015ferilerimizi ve misafirlerimizi, Il\u0131ca\u2019n\u0131n e\u015fsiz g\u00fczelliklerini ke\u015ffetmeye davet ediyorum&#8221; dedi.<br \/><\/p>\n","protected":false},"excerpt":{"rendered":"<p>K\u00fctahya\u2019n\u0131n do\u011fa harikas\u0131 il\u00e7esi Gediz\u2019de bulunan ve tamamlanan \u00e7al\u0131\u015fmalarla birlikte adeta yeniden do\u011fan Il\u0131ca Termal Tatil K\u00f6y\u00fc, ziyaret\u00e7i memnuniyetini en \u00fcst seviyeye \u00e7\u0131karmay\u0131 hedefliyor. Toplam 120 yatak kapasitesiyle hizmet veren Il\u0131ca Termal Tatil K\u00f6y\u00fc, son d\u00fczenlemelerle birlikte daha modern ve konforlu bir hale geldi. Yap\u0131lan peyzaj d\u00fczenlemeleriyle do\u011fan\u0131n ve kapl\u0131calar\u0131n i\u00e7 i\u00e7e ge\u00e7ti\u011fi tesis, ziyaret\u00e7ilerine&#8230;<\/p>\n","protected":false},"author":1,"featured_media":46847,"comment_status":"open","ping_status":"open","sticky":false,"template":"","format":"standard","meta":{"_crdt_document":"","footnotes":""},"categories":[1],"tags":[],"class_list":["post-46846","post","type-post","status-publish","format-standard","has-post-thumbnail","hentry","category-guncel"],"_links":{"self":[{"href":"https:\/\/www.egemtv.com\/index.php?rest_route=\/wp\/v2\/posts\/46846","targetHints":{"allow":["GET"]}}],"collection":[{"href":"https:\/\/www.egemtv.com\/index.php?rest_route=\/wp\/v2\/posts"}],"about":[{"href":"https:\/\/www.egemtv.com\/index.php?rest_route=\/wp\/v2\/types\/post"}],"author":[{"embeddable":true,"href":"https:\/\/www.egemtv.com\/index.php?rest_route=\/wp\/v2\/users\/1"}],"replies":[{"embeddable":true,"href":"https:\/\/www.egemtv.com\/index.php?rest_route=%2Fwp%2Fv2%2Fcomments&post=46846"}],"version-history":[{"count":1,"href":"https:\/\/www.egemtv.com\/index.php?rest_route=\/wp\/v2\/posts\/46846\/revisions"}],"predecessor-version":[{"id":46848,"href":"https:\/\/www.egemtv.com\/index.php?rest_route=\/wp\/v2\/posts\/46846\/revisions\/46848"}],"wp:featuredmedia":[{"embeddable":true,"href":"https:\/\/www.egemtv.com\/index.php?rest_route=\/wp\/v2\/media\/46847"}],"wp:attachment":[{"href":"https:\/\/www.egemtv.com\/index.php?rest_route=%2Fwp%2Fv2%2Fmedia&parent=46846"}],"wp:term":[{"taxonomy":"category","embeddable":true,"href":"https:\/\/www.egemtv.com\/index.php?rest_route=%2Fwp%2Fv2%2Fcategories&post=46846"},{"taxonomy":"post_tag","embeddable":true,"href":"https:\/\/www.egemtv.com\/index.php?rest_route=%2Fwp%2Fv2%2Ftags&post=46846"}],"curies":[{"name":"wp","href":"https:\/\/api.w.org\/{rel}","templated":true}]}}