{"id":46843,"date":"2025-08-05T11:14:47","date_gmt":"2025-08-05T08:14:47","guid":{"rendered":"https:\/\/www.egemtv.com\/?p=46843"},"modified":"2025-08-05T11:14:48","modified_gmt":"2025-08-05T08:14:48","slug":"tavas-kizilca-gurbetci-senligi-coskuyla-gerceklesti","status":"publish","type":"post","link":"https:\/\/www.egemtv.com\/?p=46843","title":{"rendered":"Tavas K\u0131z\u0131lca Gurbet\u00e7i \u015eenli\u011fi co\u015fkuyla ger\u00e7ekle\u015fti"},"content":{"rendered":"<p>Tavas Belediyesi taraf\u0131ndan yurt d\u0131\u015f\u0131nda ya\u015fayan gurbet\u00e7iler T\u00fcrkiye\u2019ye geldiklerinde ho\u015f zaman ge\u00e7irmeleri ve kayna\u015fmalar\u0131 amac\u0131yla d\u00fczenlenen Gurbet\u00e7i \u015eenli\u011fi co\u015fkuyla ger\u00e7ekle\u015ftirildi. \u015eenlikte sahne alan U\u011fur \u00d6n\u00fcr, seslendirdi\u011fi e\u015fsiz \u015fark\u0131larla gurbet\u00e7ileri unutulmaz gece ya\u015fatt\u0131.<\/p>\n<p>Yurt d\u0131\u015f\u0131nda ya\u015fayan gurbet\u00e7ilerin T\u00fcrkiye izinlerinde keyifli, e\u011flenceli zaman ge\u00e7irmeleri ve birbirleriyle tan\u0131\u015f\u0131p birlik ve beraberliklerini geli\u015ftirmek amac\u0131yla Tavas Belediyesi taraf\u0131ndan Gurbet\u00e7i \u015eenli\u011fi d\u00fczenlendi. Yurt d\u0131\u015f\u0131na \u00e7ok say\u0131da g\u00f6\u00e7 veren Tavas\u2019\u0131n K\u0131z\u0131lca Mahallesinde ger\u00e7ekle\u015fen festival yo\u011fun ilgi g\u00f6rd\u00fc. U\u011fur \u00d6n\u00fcr\u2019\u00fcn seslendirdi\u011fi oyun havalar\u0131 ile oynayan vatanda\u015flar keyif dolu vakit ge\u00e7irdi.<\/p>\n<p>Tavas\u2019ta sahne almaktan mutluluk duydu\u011funu ifade eden sanat\u00e7\u0131 U\u011fur \u00d6n\u00fcr, &#8220;Bende Burdurluyum sizlerin hem\u015fehirlisi say\u0131l\u0131r\u0131m. Y\u00f6renizin \u00e7ocu\u011fu olarak burada Anadolu\u2019muzun g\u00fczel \u015fark\u0131lar\u0131n\u0131, t\u00fcrk\u00fclerini seslendirmek i\u00e7in sizlerin huzurlar\u0131na \u00e7\u0131kt\u0131k. Ne g\u00fczel ki b\u00f6yle t\u00fcrk\u00fc hasreti \u00e7eken gurbet\u00e7ilerimizle birlikte olmak bizler i\u00e7in \u00e7ok de\u011ferli. Bu keyifli g\u00fcnde bizlerle oldu\u011funuz i\u00e7in \u00e7ok te\u015fekk\u00fcr ederim&#8221; dedi.<\/p>\n<p>Almanya\u2019da ya\u015fayan vatanda\u015flar\u0131 ziyaret etti\u011finde onlara bu etkinlik i\u00e7in s\u00f6z verdi\u011fini ve ger\u00e7ekle\u015ftirmenin gururunu ya\u015fad\u0131\u011f\u0131n\u0131 belirten Tavas Belediye Ba\u015fkan\u0131 Kadir Tat\u0131k, &#8220;\u015eubat ay\u0131nda Almanya\u2019ya yapt\u0131\u011f\u0131m\u0131z ziyarette, gurbet\u00e7ilerimizin yurt d\u0131\u015f\u0131nda k\u00fclt\u00fcr\u00fcm\u00fcz\u00fc ya\u015fatmak i\u00e7in verdi\u011fi \u00e7abay\u0131 g\u00f6rd\u00fcm. Birlik beraberlik i\u00e7in Almanya\u2019n\u0131n y\u00fczlerce uzakl\u0131\u011f\u0131ndaki etkinlik dahi olsa orda toparland\u0131klar\u0131 g\u00f6rd\u00fcm. Bizler de dedik ki gurbet\u00e7ilerimiz T\u00fcrkiye\u2019de Almanc\u0131, Almanya\u2019da gurbet\u00e7i olmas\u0131nlar onlar\u0131 T\u00fcrkiye\u2019nin ba\u011fr\u0131ndan kopan birer evlatlar\u0131 gibi a\u011f\u0131rlayal\u0131m. Onlar i\u00e7in bir Gurbet\u00e7i \u015eenli\u011fi d\u00fczenleyelim dedik ve orada s\u00f6z verdik. S\u00f6z\u00fcm\u00fcz\u00fc de bug\u00fcn burada tutmu\u015f olduk. Sizlerle birlikte olmaktan \u00e7ok mutluyum. Sizler bizlerin yurt d\u0131\u015f\u0131ndaki k\u00fclt\u00fcrel el\u00e7ilerimizsiniz. T\u00fcrkl\u00fc\u011f\u00fc ve T\u00fcrk k\u00fclt\u00fcr\u00fcn\u00fc oralarda tan\u0131tan ve T\u00fcrk Bayra\u011f\u0131n\u0131 orada dalgaland\u0131ran g\u00f6n\u00fcl ve k\u00fclt\u00fcr el\u00e7ilerimizsiniz. Bu etkinli\u011fin bu y\u0131l ilkini ger\u00e7ekle\u015ftirdik. Bundan sonraki y\u0131llarda eksiklerimizi g\u00f6re g\u00f6re \u00fczerine ekleme yaparak her y\u0131l devam ettirece\u011fiz. T\u00fcrkiye Cumhuriyeti\u2019nin son y\u0131llarda en \u00e7ok ihtiyac\u0131n\u0131n oldu\u011fu \u015fey birlik ve beraberlik. Sizlerle beraber \u00f6nce K\u0131z\u0131lca Mahallemize sonra Tavas\u2019\u0131m\u0131za, sonra Denizli\u2019ye ve en sonunda T\u00fcrkiye\u2019ye hep beraber sahip \u00e7\u0131kaca\u011f\u0131z. Gazi Mustafa Kemal Atat\u00fcrk\u2019\u00fcn izinden ve Peygamber efendimizin s\u00fcnnetinde bu \u00fclkede hep beraber ayr\u0131\u015fmadan ya\u015fayaca\u011f\u0131z&#8221; ifadelerini kulland\u0131.<br \/><\/p>\n","protected":false},"excerpt":{"rendered":"<p>Tavas Belediyesi taraf\u0131ndan yurt d\u0131\u015f\u0131nda ya\u015fayan gurbet\u00e7iler T\u00fcrkiye\u2019ye geldiklerinde ho\u015f zaman ge\u00e7irmeleri ve kayna\u015fmalar\u0131 amac\u0131yla d\u00fczenlenen Gurbet\u00e7i \u015eenli\u011fi co\u015fkuyla ger\u00e7ekle\u015ftirildi. \u015eenlikte sahne alan U\u011fur \u00d6n\u00fcr, seslendirdi\u011fi e\u015fsiz \u015fark\u0131larla gurbet\u00e7ileri unutulmaz gece ya\u015fatt\u0131. Yurt d\u0131\u015f\u0131nda ya\u015fayan gurbet\u00e7ilerin T\u00fcrkiye izinlerinde keyifli, e\u011flenceli zaman ge\u00e7irmeleri ve birbirleriyle tan\u0131\u015f\u0131p birlik ve beraberliklerini geli\u015ftirmek amac\u0131yla Tavas Belediyesi taraf\u0131ndan Gurbet\u00e7i \u015eenli\u011fi&#8230;<\/p>\n","protected":false},"author":1,"featured_media":46844,"comment_status":"open","ping_status":"open","sticky":false,"template":"","format":"standard","meta":{"_crdt_document":"","footnotes":""},"categories":[1],"tags":[],"class_list":["post-46843","post","type-post","status-publish","format-standard","has-post-thumbnail","hentry","category-guncel"],"_links":{"self":[{"href":"https:\/\/www.egemtv.com\/index.php?rest_route=\/wp\/v2\/posts\/46843","targetHints":{"allow":["GET"]}}],"collection":[{"href":"https:\/\/www.egemtv.com\/index.php?rest_route=\/wp\/v2\/posts"}],"about":[{"href":"https:\/\/www.egemtv.com\/index.php?rest_route=\/wp\/v2\/types\/post"}],"author":[{"embeddable":true,"href":"https:\/\/www.egemtv.com\/index.php?rest_route=\/wp\/v2\/users\/1"}],"replies":[{"embeddable":true,"href":"https:\/\/www.egemtv.com\/index.php?rest_route=%2Fwp%2Fv2%2Fcomments&post=46843"}],"version-history":[{"count":1,"href":"https:\/\/www.egemtv.com\/index.php?rest_route=\/wp\/v2\/posts\/46843\/revisions"}],"predecessor-version":[{"id":46845,"href":"https:\/\/www.egemtv.com\/index.php?rest_route=\/wp\/v2\/posts\/46843\/revisions\/46845"}],"wp:featuredmedia":[{"embeddable":true,"href":"https:\/\/www.egemtv.com\/index.php?rest_route=\/wp\/v2\/media\/46844"}],"wp:attachment":[{"href":"https:\/\/www.egemtv.com\/index.php?rest_route=%2Fwp%2Fv2%2Fmedia&parent=46843"}],"wp:term":[{"taxonomy":"category","embeddable":true,"href":"https:\/\/www.egemtv.com\/index.php?rest_route=%2Fwp%2Fv2%2Fcategories&post=46843"},{"taxonomy":"post_tag","embeddable":true,"href":"https:\/\/www.egemtv.com\/index.php?rest_route=%2Fwp%2Fv2%2Ftags&post=46843"}],"curies":[{"name":"wp","href":"https:\/\/api.w.org\/{rel}","templated":true}]}}