{"id":46840,"date":"2025-08-05T11:14:46","date_gmt":"2025-08-05T08:14:46","guid":{"rendered":"https:\/\/www.egemtv.com\/?p=46840"},"modified":"2025-08-05T11:14:47","modified_gmt":"2025-08-05T08:14:47","slug":"egeli-bilim-ekibi-tarafindan-yenilikci-ve-inovatif-bir-bulus-daha","status":"publish","type":"post","link":"https:\/\/www.egemtv.com\/?p=46840","title":{"rendered":"Egeli bilim ekibi taraf\u0131ndan yenilik\u00e7i ve inovatif bir bulu\u015f daha"},"content":{"rendered":"<p>Ege \u00dcniversitesi(E\u00dc) bilim ekibi taraf\u0131ndan geli\u015ftirilen &#8220;Termal Anne S\u00fct\u00fc Transfer \u00c7antas\u0131&#8221; bulu\u015fu,  T\u00fcrk Patent ve Marka Kurumu taraf\u0131ndan &#8220;Faydal\u0131 Model Tescili&#8221; ald\u0131.<br \/>\n<br \/>Egeli bilim ekibi taraf\u0131nda, yeni do\u011fan yo\u011fun bak\u0131m \u00fcnitelerinde bebekleri yatarak tedavi g\u00f6ren annelerin sa\u011f\u0131lm\u0131\u015f s\u00fctlerinin uygun \u0131s\u0131 aral\u0131klar\u0131 ve \u015fartlar\u0131nda kliniklere ula\u015ft\u0131r\u0131lmas\u0131 amac\u0131yla termal anne s\u00fct\u00fc transfer \u00e7antas\u0131 geli\u015ftirildi. Yenilik\u00e7i \u00fcr\u00fcn, Ege \u00dcniversitesi Hem\u015firelik Fak\u00fcltesi \u00c7ocuk Sa\u011fl\u0131\u011f\u0131 ve Hastal\u0131klar\u0131 Hem\u015fireli\u011fi Anabilim Dal\u0131 \u00d6\u011fretim \u00dcyesi Do\u00e7. Dr. Nurdan Ak\u00e7ay Didi\u015fen, Ege \u00dcniversitesi T\u0131p Fak\u00fcltesi \u00c7ocuk Cerrahisi Anabilim Dal\u0131 \u00d6\u011fretim \u00dcyesi Prof. Dr. M. Orkan Erg\u00fcn, End\u00fcstri M\u00fchendisi Ergun Bak\u0131rc\u0131 ve Zehra S\u00f6zkesen taraf\u0131ndan y\u00fcr\u00fct\u00fclen proje kapsam\u0131nda haz\u0131rland\u0131. Ege \u00dcniversitesi Rekt\u00f6r\u00fc Prof. Dr. Necdet Budak, yenilik\u00e7i ve inovatif bulu\u015fu T\u00fcrk Patent ve Marka Kurumu taraf\u0131ndan faydal\u0131 model olarak tescillenen Do\u00e7. Dr. Nurdan Ak\u00e7ay Didi\u015fen\u2019i makam\u0131nda a\u011f\u0131rlayarak tebrik etti.<\/p>\n<p>&#8220;Termal Anne S\u00fct\u00fc Transfer \u00c7antas\u0131&#8221;<br \/>\n<br \/>Ege \u00dcniversitesi Hem\u015firelik Fak\u00fcltesi \u00f6\u011fretim \u00fcyesi Do\u00e7. Dr. Nurdan Ak\u00e7ay Didi\u015fen, &#8220;Her y\u0131l yakla\u015f\u0131k 15 milyon bebek gebeli\u011fin 37. haftas\u0131 dolmadan yani premat\u00fcre olarak d\u00fcnyaya gelmektedir. Bu bebeklerin b\u00fcy\u00fck \u00e7o\u011funlu\u011funun beslenme ve solunum ihtiya\u00e7lar\u0131n\u0131 yard\u0131ms\u0131z s\u00fcrd\u00fcrene kadar yenido\u011fan yo\u011fun bak\u0131m \u00fcnitesinde (YYB\u00dc) \u00f6zel bak\u0131m ihtiyac\u0131 bulunmaktad\u0131r. Beslenme, yenido\u011fan bebe\u011fin normal b\u00fcy\u00fcme ve geli\u015fmeye ula\u015fabilmesi, ya\u015fam\u0131n\u0131 s\u00fcrd\u00fcrebilmesi ve sa\u011fl\u0131\u011f\u0131n\u0131n korunmas\u0131 i\u00e7in \u00e7ok \u00f6nemlidir. Bu bebeklerde beslenmeye, do\u011fumdan sonra en k\u0131sa zamanda, tercihen annenin kolostrumu ile ba\u015flanmal\u0131d\u0131r. Taze anne s\u00fct\u00fc, besin \u00f6\u011feleri ve ba\u011f\u0131\u015f\u0131kl\u0131k antikorlar\u0131 bak\u0131m\u0131ndan zengindir fakat \u00f6zellikle YYB\u00dc\u2019 de izlenen bebekler i\u00e7in do\u011frudan emzirmenin her zaman m\u00fcmk\u00fcn olmad\u0131\u011f\u0131 durumlarda anne s\u00fct\u00fc genellikle sonradan kullan\u0131lmak \u00fczere annelerden istenmektedir. Bu kapsamda bu \u00f6nemli konu kapsaml\u0131 bir \u015fekilde ara\u015ft\u0131r\u0131lmak i\u00e7in  \u2018Termal Anne S\u00fct\u00fc Transfer \u00c7antas\u0131\u2019 isimli proje \u00fczerinde \u00e7al\u0131\u015f\u0131lmaya ba\u015flanm\u0131\u015ft\u0131r&#8221; diye konu\u015ftu.<\/p>\n<p>&#8220;D\u00fcnyada bu \u015fekilde bir \u00fcr\u00fcn mevcut de\u011fildir&#8221;<br \/>\n<br \/>Do\u00e7. Dr. Nurdan Ak\u00e7ay Didi\u015fen &#8220;Bu bulu\u015f sa\u011fl\u0131k alan\u0131nda, yeni do\u011fan yo\u011fun bak\u0131m \u00fcnitelerinde bebekleri yatarak tedavi g\u00f6ren annelerin sa\u011f\u0131lm\u0131\u015f s\u00fctlerinin uygun \u0131s\u0131 aral\u0131klar\u0131 ve \u015fartlar\u0131nda kliniklere ula\u015ft\u0131r\u0131lmas\u0131 amac\u0131yla termal anne s\u00fct\u00fc transfer \u00e7antas\u0131 ile ilgilidir. Sa\u011f\u0131lm\u0131\u015f olan anne s\u00fctlerinin klini\u011fe teslim edilmesine kadar ge\u00e7en s\u00fcre, i\u00e7erisindeki \u0131s\u0131-s\u0131cakl\u0131k d\u00fczene\u011fi arac\u0131l\u0131\u011f\u0131 ile teslim alan sa\u011fl\u0131k ekibi \u00fcyesi taraf\u0131ndan bilgisayar sisteminde program dahilinde her bir hasta i\u00e7in ayr\u0131 ayr\u0131 kaydedilecek ve de\u011ferlendirilecektir. Sa\u011fl\u0131k teknolojisi kapsam\u0131nda \u00fclkemizde ve d\u00fcnyada \u015fu anda bu \u015fekilde bir \u00fcr\u00fcn mevcut de\u011fildir ve uygulamaya aktar\u0131lmas\u0131 sonras\u0131nda katk\u0131s\u0131 ve \u00f6nemi farkl\u0131 parametreler \u00fczerinden bak\u0131ld\u0131\u011f\u0131nda \u00e7ok b\u00fcy\u00fckt\u00fcr. Bu kapsamda akademik giri\u015fim olarak ilk ad\u0131mlar Ege \u00dcniversitesinde d\u00fczenlenen D\u00fc\u015f\u00fcnle Gel \u0130novatif Proje Pazar\u0131na kat\u0131l\u0131m sa\u011flamakla ger\u00e7ekle\u015fmi\u015f olup bu etkinlikte mevcut bulu\u015f \u2018Proje Birincili\u011fi\u2019  alm\u0131\u015ft\u0131r. Mevcut giri\u015fimin yap\u0131ld\u0131\u011f\u0131 ayn\u0131 tarihlerde yine 2019 y\u0131l\u0131nda T\u00fcrk Patent ve Marka Kurumuna yap\u0131lan ba\u015fvuru sonras\u0131nda ise Mart 2025 tarihinde ise bulu\u015f Faydal\u0131 Model belgesi tescil almaya hak kazanm\u0131\u015ft\u0131r&#8221; dedi.<br \/><\/p>\n","protected":false},"excerpt":{"rendered":"<p>Ege \u00dcniversitesi(E\u00dc) bilim ekibi taraf\u0131ndan geli\u015ftirilen &#8220;Termal Anne S\u00fct\u00fc Transfer \u00c7antas\u0131&#8221; bulu\u015fu, T\u00fcrk Patent ve Marka Kurumu taraf\u0131ndan &#8220;Faydal\u0131 Model Tescili&#8221; ald\u0131. Egeli bilim ekibi taraf\u0131nda, yeni do\u011fan yo\u011fun bak\u0131m \u00fcnitelerinde bebekleri yatarak tedavi g\u00f6ren annelerin sa\u011f\u0131lm\u0131\u015f s\u00fctlerinin uygun \u0131s\u0131 aral\u0131klar\u0131 ve \u015fartlar\u0131nda kliniklere ula\u015ft\u0131r\u0131lmas\u0131 amac\u0131yla termal anne s\u00fct\u00fc transfer \u00e7antas\u0131 geli\u015ftirildi. Yenilik\u00e7i \u00fcr\u00fcn, Ege&#8230;<\/p>\n","protected":false},"author":1,"featured_media":46841,"comment_status":"open","ping_status":"open","sticky":false,"template":"","format":"standard","meta":{"_crdt_document":"","footnotes":""},"categories":[124],"tags":[],"class_list":["post-46840","post","type-post","status-publish","format-standard","has-post-thumbnail","hentry","category-bilim"],"_links":{"self":[{"href":"https:\/\/www.egemtv.com\/index.php?rest_route=\/wp\/v2\/posts\/46840","targetHints":{"allow":["GET"]}}],"collection":[{"href":"https:\/\/www.egemtv.com\/index.php?rest_route=\/wp\/v2\/posts"}],"about":[{"href":"https:\/\/www.egemtv.com\/index.php?rest_route=\/wp\/v2\/types\/post"}],"author":[{"embeddable":true,"href":"https:\/\/www.egemtv.com\/index.php?rest_route=\/wp\/v2\/users\/1"}],"replies":[{"embeddable":true,"href":"https:\/\/www.egemtv.com\/index.php?rest_route=%2Fwp%2Fv2%2Fcomments&post=46840"}],"version-history":[{"count":1,"href":"https:\/\/www.egemtv.com\/index.php?rest_route=\/wp\/v2\/posts\/46840\/revisions"}],"predecessor-version":[{"id":46842,"href":"https:\/\/www.egemtv.com\/index.php?rest_route=\/wp\/v2\/posts\/46840\/revisions\/46842"}],"wp:featuredmedia":[{"embeddable":true,"href":"https:\/\/www.egemtv.com\/index.php?rest_route=\/wp\/v2\/media\/46841"}],"wp:attachment":[{"href":"https:\/\/www.egemtv.com\/index.php?rest_route=%2Fwp%2Fv2%2Fmedia&parent=46840"}],"wp:term":[{"taxonomy":"category","embeddable":true,"href":"https:\/\/www.egemtv.com\/index.php?rest_route=%2Fwp%2Fv2%2Fcategories&post=46840"},{"taxonomy":"post_tag","embeddable":true,"href":"https:\/\/www.egemtv.com\/index.php?rest_route=%2Fwp%2Fv2%2Ftags&post=46840"}],"curies":[{"name":"wp","href":"https:\/\/api.w.org\/{rel}","templated":true}]}}