{"id":46837,"date":"2025-08-05T11:14:46","date_gmt":"2025-08-05T08:14:46","guid":{"rendered":"https:\/\/www.egemtv.com\/?p=46837"},"modified":"2025-08-05T11:14:46","modified_gmt":"2025-08-05T08:14:46","slug":"hisarcikli-ciftcinin-deneme-amaciyla-diktigi-aronyalar-ilk-meyvelerini-verdi","status":"publish","type":"post","link":"https:\/\/www.egemtv.com\/?p=46837","title":{"rendered":"Hisarc\u0131kl\u0131 \u00e7ift\u00e7inin deneme amac\u0131yla dikti\u011fi aronyalar ilk meyvelerini verdi"},"content":{"rendered":"<p>K\u00fctahya\u2019n\u0131n Hisarc\u0131k il\u00e7esinde bir \u00e7ift\u00e7inin 3 y\u0131l \u00f6nce deneme amac\u0131yla dikti\u011fi aronya ilk meyvelerini vermeye ba\u015flad\u0131.<br \/>\n<br \/>\u0130l\u00e7eye ba\u011fl\u0131 G\u00fcld\u00fcren k\u00f6y\u00fcnde hayvanc\u0131l\u0131kla u\u011fra\u015fan R\u0131fat Akp\u0131nar, 3 y\u0131l \u00f6nce bir arkada\u015f\u0131n\u0131n tavsiyesi \u00fczerine deneme amac\u0131yla 500 metrekarelik bah\u00e7esine d\u00fcnyada s\u00fcper meyve olarak da bilinen aronya dikti. Aronyalar\u0131n bu y\u0131l ilk meyvelerini vermeye ba\u015flad\u0131\u011f\u0131n\u0131 s\u00f6yleyen R\u0131fat Akp\u0131nar, &#8220;3 y\u0131l \u00f6nce bir arkada\u015f\u0131n tavsiyesi \u00fczerine internetten sat\u0131n ald\u0131\u011f\u0131m 100 aronyay\u0131 k\u00f6y i\u00e7indeki yakla\u015f\u0131k 500 metrekarelik hobi bah\u00e7eme dikimini yapt\u0131m. Bu y\u0131l da ilk meyvelerimizi ald\u0131k. K\u00f6y\u00fcm\u00fcz topra\u011f\u0131 aronya yeti\u015ftiricili\u011fine a\u00e7\u0131s\u0131ndan son derece uygun, sulama suyumuzda bol. Meyve reyonlar\u0131n\u0131n aranan meyvesi haline gelen \u00f6zellikle kanser hastalar\u0131n\u0131n yo\u011fun olarak t\u00fcketti\u011fi aronyan\u0131n \u015fu anki kilogram fiyat\u0131 200 TL civar\u0131nda. Hayvanc\u0131l\u0131\u011f\u0131n yan\u0131nda daha fazla gelir getirici yeni \u00fcr\u00fcn olarak denedi\u011fim aronya \u00fcretimini yayg\u0131nla\u015ft\u0131rmak amac\u0131nday\u0131m&#8221; dedi.<br \/>\n<br \/>C vitamini ve antioksidan kayna\u011f\u0131 olarak bilinen aronyan\u0131n ayn\u0131 zamanda mineral, lif ve antioksidan i\u00e7eri\u011fi bak\u0131m\u0131ndan zengin k\u00fclt\u00fcr meyvelerinden biri olarak g\u00f6sterildi\u011fi biliniyor.<br \/><\/p>\n","protected":false},"excerpt":{"rendered":"<p>K\u00fctahya\u2019n\u0131n Hisarc\u0131k il\u00e7esinde bir \u00e7ift\u00e7inin 3 y\u0131l \u00f6nce deneme amac\u0131yla dikti\u011fi aronya ilk meyvelerini vermeye ba\u015flad\u0131. \u0130l\u00e7eye ba\u011fl\u0131 G\u00fcld\u00fcren k\u00f6y\u00fcnde hayvanc\u0131l\u0131kla u\u011fra\u015fan R\u0131fat Akp\u0131nar, 3 y\u0131l \u00f6nce bir arkada\u015f\u0131n\u0131n tavsiyesi \u00fczerine deneme amac\u0131yla 500 metrekarelik bah\u00e7esine d\u00fcnyada s\u00fcper meyve olarak da bilinen aronya dikti. Aronyalar\u0131n bu y\u0131l ilk meyvelerini vermeye ba\u015flad\u0131\u011f\u0131n\u0131 s\u00f6yleyen R\u0131fat Akp\u0131nar, &#8220;3&#8230;<\/p>\n","protected":false},"author":1,"featured_media":46838,"comment_status":"open","ping_status":"open","sticky":false,"template":"","format":"standard","meta":{"_crdt_document":"","footnotes":""},"categories":[125],"tags":[],"class_list":["post-46837","post","type-post","status-publish","format-standard","has-post-thumbnail","hentry","category-ekonomi"],"_links":{"self":[{"href":"https:\/\/www.egemtv.com\/index.php?rest_route=\/wp\/v2\/posts\/46837","targetHints":{"allow":["GET"]}}],"collection":[{"href":"https:\/\/www.egemtv.com\/index.php?rest_route=\/wp\/v2\/posts"}],"about":[{"href":"https:\/\/www.egemtv.com\/index.php?rest_route=\/wp\/v2\/types\/post"}],"author":[{"embeddable":true,"href":"https:\/\/www.egemtv.com\/index.php?rest_route=\/wp\/v2\/users\/1"}],"replies":[{"embeddable":true,"href":"https:\/\/www.egemtv.com\/index.php?rest_route=%2Fwp%2Fv2%2Fcomments&post=46837"}],"version-history":[{"count":1,"href":"https:\/\/www.egemtv.com\/index.php?rest_route=\/wp\/v2\/posts\/46837\/revisions"}],"predecessor-version":[{"id":46839,"href":"https:\/\/www.egemtv.com\/index.php?rest_route=\/wp\/v2\/posts\/46837\/revisions\/46839"}],"wp:featuredmedia":[{"embeddable":true,"href":"https:\/\/www.egemtv.com\/index.php?rest_route=\/wp\/v2\/media\/46838"}],"wp:attachment":[{"href":"https:\/\/www.egemtv.com\/index.php?rest_route=%2Fwp%2Fv2%2Fmedia&parent=46837"}],"wp:term":[{"taxonomy":"category","embeddable":true,"href":"https:\/\/www.egemtv.com\/index.php?rest_route=%2Fwp%2Fv2%2Fcategories&post=46837"},{"taxonomy":"post_tag","embeddable":true,"href":"https:\/\/www.egemtv.com\/index.php?rest_route=%2Fwp%2Fv2%2Ftags&post=46837"}],"curies":[{"name":"wp","href":"https:\/\/api.w.org\/{rel}","templated":true}]}}