{"id":46834,"date":"2025-08-05T11:14:45","date_gmt":"2025-08-05T08:14:45","guid":{"rendered":"https:\/\/www.egemtv.com\/?p=46834"},"modified":"2025-08-05T11:14:45","modified_gmt":"2025-08-05T08:14:45","slug":"vali-coskun-emlak-vergilerine-yuzde-500-ile-2000-oraninda-artislar-yapmasi-kabul-edilemez","status":"publish","type":"post","link":"https:\/\/www.egemtv.com\/?p=46834","title":{"rendered":"Vali Co\u015fkun; &#8220;Emlak vergilerine y\u00fczde 500 ile 2000 oran\u0131nda art\u0131\u015flar yapmas\u0131 kabul edilemez&#8221;"},"content":{"rendered":"<p>DEN\u0130ZL\u0130 (\u0130HA) \u2013 Denizli Valisi \u00d6mer Faruk Co\u015fkun, Pamukkale ve Merkezefendi\u2019de emlak rayi\u00e7 bedellerinin belirlenen oranlar \u00e7er\u00e7evesinde hayata ge\u00e7irilmesini beklendiklerini kaydederek, &#8220;Emlak vergilerine y\u00fczde 500 ile 2000 oran\u0131nda art\u0131\u015flar yapmas\u0131 kabul edilemez&#8221; dedi.<\/p>\n<p>Denizli Valisi \u00d6mer Faruk Co\u015fkun, Merkezefendi ve Pamukkale il\u00e7elerinde 2026 y\u0131l\u0131ndan itibaren ge\u00e7erli olarak emlak rayi\u00e7 de\u011ferlerine y\u00fczde 20, 30 ve hatta 40\u2019lara varan art\u0131\u015flar yap\u0131lmas\u0131yla ilgili olarak ya\u015fanan s\u00fcreci de\u011ferlendirdi.<\/p>\n<p>Vali Co\u015fkun, emlak rayi\u00e7 bedellerinin kendileri taraf\u0131ndan belirlenen oranlar \u00e7er\u00e7evesinde hayata ge\u00e7irilmesinin beklendi\u011fini s\u00f6yledi. Buna ra\u011fmen baz\u0131 belediyelerin, bu belirlenen oranlar\u0131n \u00e7ok \u00fczerinde y\u00fczde 500 ile 2000 oran\u0131nda art\u0131\u015flar yapmas\u0131n\u0131n kabul edilemez oldu\u011funu vurgulayan Co\u015fkun, &#8220;Bu art\u0131\u015flar hem vatanda\u015flar\u0131m\u0131z\u0131 hem de sekt\u00f6r temsilcilerini olumsuz etkiliyor. Bizim belirledi\u011fimiz oranlar \u00fczerinden bir d\u00fczenleme yap\u0131lmas\u0131 gerekti\u011fini duyurduk. Bu s\u00fcre\u00e7te, belirlenen oranlar\u0131n d\u0131\u015f\u0131na \u00e7\u0131kan belediyelerle ilgili s\u00fcre\u00e7leri yak\u0131ndan takip edece\u011fiz. Ayr\u0131ca bu art\u0131\u015flar\u0131n, emlak vergisi ve m\u00fclk sahipleri \u00fczerinde neden olaca\u011f\u0131 olumsuz etkilerin bilinciyiz. Amac\u0131m\u0131z, vatanda\u015flar\u0131m\u0131z\u0131n lehine olan bir d\u00fczenlemeyi hayata ge\u00e7irmek&#8221; \u015feklinde konu\u015ftu.<br \/><\/p>\n","protected":false},"excerpt":{"rendered":"<p>DEN\u0130ZL\u0130 (\u0130HA) \u2013 Denizli Valisi \u00d6mer Faruk Co\u015fkun, Pamukkale ve Merkezefendi\u2019de emlak rayi\u00e7 bedellerinin belirlenen oranlar \u00e7er\u00e7evesinde hayata ge\u00e7irilmesini beklendiklerini kaydederek, &#8220;Emlak vergilerine y\u00fczde 500 ile 2000 oran\u0131nda art\u0131\u015flar yapmas\u0131 kabul edilemez&#8221; dedi. Denizli Valisi \u00d6mer Faruk Co\u015fkun, Merkezefendi ve Pamukkale il\u00e7elerinde 2026 y\u0131l\u0131ndan itibaren ge\u00e7erli olarak emlak rayi\u00e7 de\u011ferlerine y\u00fczde 20, 30 ve hatta&#8230;<\/p>\n","protected":false},"author":1,"featured_media":46835,"comment_status":"open","ping_status":"open","sticky":false,"template":"","format":"standard","meta":{"_crdt_document":"","footnotes":""},"categories":[1],"tags":[],"class_list":["post-46834","post","type-post","status-publish","format-standard","has-post-thumbnail","hentry","category-guncel"],"_links":{"self":[{"href":"https:\/\/www.egemtv.com\/index.php?rest_route=\/wp\/v2\/posts\/46834","targetHints":{"allow":["GET"]}}],"collection":[{"href":"https:\/\/www.egemtv.com\/index.php?rest_route=\/wp\/v2\/posts"}],"about":[{"href":"https:\/\/www.egemtv.com\/index.php?rest_route=\/wp\/v2\/types\/post"}],"author":[{"embeddable":true,"href":"https:\/\/www.egemtv.com\/index.php?rest_route=\/wp\/v2\/users\/1"}],"replies":[{"embeddable":true,"href":"https:\/\/www.egemtv.com\/index.php?rest_route=%2Fwp%2Fv2%2Fcomments&post=46834"}],"version-history":[{"count":1,"href":"https:\/\/www.egemtv.com\/index.php?rest_route=\/wp\/v2\/posts\/46834\/revisions"}],"predecessor-version":[{"id":46836,"href":"https:\/\/www.egemtv.com\/index.php?rest_route=\/wp\/v2\/posts\/46834\/revisions\/46836"}],"wp:featuredmedia":[{"embeddable":true,"href":"https:\/\/www.egemtv.com\/index.php?rest_route=\/wp\/v2\/media\/46835"}],"wp:attachment":[{"href":"https:\/\/www.egemtv.com\/index.php?rest_route=%2Fwp%2Fv2%2Fmedia&parent=46834"}],"wp:term":[{"taxonomy":"category","embeddable":true,"href":"https:\/\/www.egemtv.com\/index.php?rest_route=%2Fwp%2Fv2%2Fcategories&post=46834"},{"taxonomy":"post_tag","embeddable":true,"href":"https:\/\/www.egemtv.com\/index.php?rest_route=%2Fwp%2Fv2%2Ftags&post=46834"}],"curies":[{"name":"wp","href":"https:\/\/api.w.org\/{rel}","templated":true}]}}