{"id":46831,"date":"2025-08-05T10:56:01","date_gmt":"2025-08-05T07:56:01","guid":{"rendered":"https:\/\/www.egemtv.com\/?p=46831"},"modified":"2025-08-05T10:56:02","modified_gmt":"2025-08-05T07:56:02","slug":"anne-ve-cocuklar-maske-boyama-atolyesinde-bulustu","status":"publish","type":"post","link":"https:\/\/www.egemtv.com\/?p=46831","title":{"rendered":"Anne ve \u00e7ocuklar maske boyama at\u00f6lyesinde bulu\u015ftu"},"content":{"rendered":"<p>Denizli\u2019de Cafer Sad\u0131k Abal\u0131o\u011flu E\u011fitim ve K\u00fclt\u00fcr Vakf\u0131\u2019n\u0131n yaz etkinlikleri kapsam\u0131nda d\u00fczenlenen &#8220;Anne-\u00c7ocuk Maske Boyama At\u00f6lyesi&#8221; renkli ve hayal d\u00fcnyas\u0131n\u0131 geli\u015ftirici anlara sahne oldu.<\/p>\n<p>Denizli\u2019de Cafer Sad\u0131k Abal\u0131o\u011flu E\u011fitim ve K\u00fclt\u00fcr Vakf\u0131, yaz d\u00f6neminde \u00e7ocuklara ve ailelerine y\u00f6nelik d\u00fczenledi\u011fi etkinliklerle dikkat \u00e7ekmeye devam ediyor. Vak\u0131f binas\u0131nda ger\u00e7ekle\u015ftirilen &#8220;Anne-\u00c7ocuk Maske Boyama At\u00f6lyesi&#8221;, kat\u0131l\u0131mc\u0131lardan b\u00fcy\u00fck ilgi g\u00f6rd\u00fc.<\/p>\n<p>Pamukkale \u00dcniversitesi (PA\u00dc) Resim B\u00f6l\u00fcm\u00fc \u00f6\u011frencisi Hilal Sa\u011f Tar\u2019\u0131n g\u00f6n\u00fcll\u00fc e\u011fitmenli\u011finde y\u00fcr\u00fct\u00fclen at\u00f6lye, \u00e7ocuklar\u0131n el becerilerini geli\u015ftirirken hayal g\u00fc\u00e7lerini de ortaya koymalar\u0131na imkan tan\u0131d\u0131. Anneleriyle birlikte maskeleri boyayan \u00e7ocuklar, e\u011flenceli bir \u00fcretim s\u00fcreci ya\u015fad\u0131. Etkinlik boyunca aileler birlikte kaliteli vakit ge\u00e7irmenin tad\u0131n\u0131 \u00e7\u0131kar\u0131rken, sanatla i\u00e7 i\u00e7e ge\u00e7en saatler hem e\u011flenceli hem de unutulmaz hat\u0131ralar biriktirmelerine vesile oldu. Renklerin ve hayal g\u00fcc\u00fcn\u00fcn bir araya geldi\u011fi at\u00f6lye, yaz tatilini anlaml\u0131 k\u0131lmak isteyen aileler i\u00e7in alternatif bir sosyal deneyim sundu.<\/p>\n<p>Cafer Sad\u0131k Abal\u0131o\u011flu E\u011fitim ve K\u00fclt\u00fcr Vakf\u0131 Y\u00f6neticisi Sema Y\u0131lmazt\u00fcrk, yaz boyunca \u00e7ocuklar\u0131n sosyal, k\u00fclt\u00fcrel ve sanatsal geli\u015fimlerine katk\u0131 sunacak benzer etkinliklerin s\u00fcrece\u011fini belirtti. Y\u0131lmazt\u00fcrk, &#8220;Cafer Sad\u0131k Abal\u0131o\u011flu E\u011fitim ve K\u00fclt\u00fcr Vakf\u0131\u2019n\u0131n b\u00fcnyesindeki Zaferi Abal\u0131o\u011flu Bilim ilim ve Sanat Merkezi\u2019nde \u00e7ocuklara y\u00f6nelik yaz etkinliklerimiz devam ediyor. Bug\u00fcn anne \u00e7ocuk maske boyama etkinli\u011fini ger\u00e7ekle\u015ftirdik. \u00c7ocuklar hayal g\u00fc\u00e7lerini, hayallerindeki kahramanlar\u0131 maskelere yans\u0131tt\u0131lar. Pamukkale \u00dcniversitesi Resim B\u00f6l\u00fcm\u00fc \u00f6\u011frencisi, Hilal Sa\u011f Tar, e\u011fitmen olan katk\u0131 sa\u011flad\u0131. Kendisine tekrar \u00e7ok te\u015fekk\u00fcr ediyoruz&#8221; dedi.<br \/><\/p>\n","protected":false},"excerpt":{"rendered":"<p>Denizli\u2019de Cafer Sad\u0131k Abal\u0131o\u011flu E\u011fitim ve K\u00fclt\u00fcr Vakf\u0131\u2019n\u0131n yaz etkinlikleri kapsam\u0131nda d\u00fczenlenen &#8220;Anne-\u00c7ocuk Maske Boyama At\u00f6lyesi&#8221; renkli ve hayal d\u00fcnyas\u0131n\u0131 geli\u015ftirici anlara sahne oldu. Denizli\u2019de Cafer Sad\u0131k Abal\u0131o\u011flu E\u011fitim ve K\u00fclt\u00fcr Vakf\u0131, yaz d\u00f6neminde \u00e7ocuklara ve ailelerine y\u00f6nelik d\u00fczenledi\u011fi etkinliklerle dikkat \u00e7ekmeye devam ediyor. Vak\u0131f binas\u0131nda ger\u00e7ekle\u015ftirilen &#8220;Anne-\u00c7ocuk Maske Boyama At\u00f6lyesi&#8221;, kat\u0131l\u0131mc\u0131lardan b\u00fcy\u00fck ilgi g\u00f6rd\u00fc&#8230;.<\/p>\n","protected":false},"author":1,"featured_media":46832,"comment_status":"open","ping_status":"open","sticky":false,"template":"","format":"standard","meta":{"_crdt_document":"","footnotes":""},"categories":[1],"tags":[],"class_list":["post-46831","post","type-post","status-publish","format-standard","has-post-thumbnail","hentry","category-guncel"],"_links":{"self":[{"href":"https:\/\/www.egemtv.com\/index.php?rest_route=\/wp\/v2\/posts\/46831","targetHints":{"allow":["GET"]}}],"collection":[{"href":"https:\/\/www.egemtv.com\/index.php?rest_route=\/wp\/v2\/posts"}],"about":[{"href":"https:\/\/www.egemtv.com\/index.php?rest_route=\/wp\/v2\/types\/post"}],"author":[{"embeddable":true,"href":"https:\/\/www.egemtv.com\/index.php?rest_route=\/wp\/v2\/users\/1"}],"replies":[{"embeddable":true,"href":"https:\/\/www.egemtv.com\/index.php?rest_route=%2Fwp%2Fv2%2Fcomments&post=46831"}],"version-history":[{"count":1,"href":"https:\/\/www.egemtv.com\/index.php?rest_route=\/wp\/v2\/posts\/46831\/revisions"}],"predecessor-version":[{"id":46833,"href":"https:\/\/www.egemtv.com\/index.php?rest_route=\/wp\/v2\/posts\/46831\/revisions\/46833"}],"wp:featuredmedia":[{"embeddable":true,"href":"https:\/\/www.egemtv.com\/index.php?rest_route=\/wp\/v2\/media\/46832"}],"wp:attachment":[{"href":"https:\/\/www.egemtv.com\/index.php?rest_route=%2Fwp%2Fv2%2Fmedia&parent=46831"}],"wp:term":[{"taxonomy":"category","embeddable":true,"href":"https:\/\/www.egemtv.com\/index.php?rest_route=%2Fwp%2Fv2%2Fcategories&post=46831"},{"taxonomy":"post_tag","embeddable":true,"href":"https:\/\/www.egemtv.com\/index.php?rest_route=%2Fwp%2Fv2%2Ftags&post=46831"}],"curies":[{"name":"wp","href":"https:\/\/api.w.org\/{rel}","templated":true}]}}